{"id":719,"date":"2014-11-15T20:00:53","date_gmt":"2014-11-15T20:00:53","guid":{"rendered":"http:\/\/www.flavorsandsenses.com\/en\/?p=719"},"modified":"2014-11-15T20:00:53","modified_gmt":"2014-11-15T20:00:53","slug":"cantinho-do-avillez-porto","status":"publish","type":"post","link":"https:\/\/flavorsandsenses.com\/en\/cantinho-do-avillez-porto\/","title":{"rendered":"Cantinho do Avillez &#8211; Porto"},"content":{"rendered":"<p style=\"text-align: justify;\"><a href=\"http:\/\/www.flavorsandsenses.com\/wp-content\/uploads\/2014\/10\/cantinho-8.jpg\" rel=\"mfp\"><img loading=\"lazy\" decoding=\"async\" class=\"alignnone size-full wp-image-5496\" src=\"http:\/\/www.flavorsandsenses.com\/wp-content\/uploads\/2014\/10\/cantinho-8.jpg\" alt=\"cantinho - 8\" width=\"540\" height=\"810\" srcset=\"https:\/\/flavorsandsenses.com\/wp-content\/uploads\/2014\/10\/cantinho-8.jpg 540w, https:\/\/flavorsandsenses.com\/wp-content\/uploads\/2014\/10\/cantinho-8-200x300.jpg 200w\" sizes=\"auto, (max-width: 540px) 100vw, 540px\" \/><\/a>Jos\u00e9 Avillez is the biggest name in the national gastronomy, few will doubt that, but when the rumor emerged that the <em>\u201cKing of Chiado\u201d<\/em> would install himself in Porto, the murmurs were immense, among the believers, the skeptical and the competing entrepreneurs. The certain thing is that Jos\u00e9 Avillez doesn\u2019t stop, and if the number of restaurants in Lisbon\u2019s downtown were not enough, he still managed to become a frequent customer of the highway between Lisbon and Porto.<\/p>\n<p style=\"text-align: justify;\">The <em>Cantinho do Avillez<\/em> was his \u201cfirst son\u201d since leaving <em>Tavares.<\/em> A success since its opening, having already doubled its capacity and keeping the reservations filled almost daily, so the sharpest option was to bring that concept to the agitated city of Porto. The menu and the ideas are the same as in the one at Lisbon, with one or another adaptation to the city and the region\u2019s gastronomy (like Jos\u00e9 Avillez told us, in this interview).<\/p>\n<p style=\"text-align: justify;\">The design was in charge of Ana Anahory and Filipa Almeida, who had already signed the first restaurant, the space is quite pleasant and functional, with a light and modern decoration, which transports very well the restaurant\u2019s concept.<\/p>\n<p style=\"text-align: justify;\"><a href=\"http:\/\/www.flavorsandsenses.com\/wp-content\/uploads\/2014\/10\/cantinho-7.jpg\" rel=\"mfp\"><img loading=\"lazy\" decoding=\"async\" class=\"alignnone size-full wp-image-5495\" src=\"http:\/\/www.flavorsandsenses.com\/wp-content\/uploads\/2014\/10\/cantinho-7.jpg\" alt=\"cantinho - 7\" width=\"540\" height=\"810\" srcset=\"https:\/\/flavorsandsenses.com\/wp-content\/uploads\/2014\/10\/cantinho-7.jpg 540w, https:\/\/flavorsandsenses.com\/wp-content\/uploads\/2014\/10\/cantinho-7-200x300.jpg 200w\" sizes=\"auto, (max-width: 540px) 100vw, 540px\" \/><\/a>Leaving the impeccable cocktail menu aside, with the classics from the Lisbon brother, we started our meal with an excellent <em>couvert<\/em> (2,85\u20ac), good breads, olives, a great truffle butter and an amazing tomato cream.<\/p>\n<p style=\"text-align: justify;\"><a href=\"http:\/\/www.flavorsandsenses.com\/wp-content\/uploads\/2014\/10\/cantinho-5.jpg\" rel=\"mfp\"><img loading=\"lazy\" decoding=\"async\" class=\"alignnone size-full wp-image-5493\" src=\"http:\/\/www.flavorsandsenses.com\/wp-content\/uploads\/2014\/10\/cantinho-5.jpg\" alt=\"cantinho - 5\" width=\"540\" height=\"810\" srcset=\"https:\/\/flavorsandsenses.com\/wp-content\/uploads\/2014\/10\/cantinho-5.jpg 540w, https:\/\/flavorsandsenses.com\/wp-content\/uploads\/2014\/10\/cantinho-5-200x300.jpg 200w\" sizes=\"auto, (max-width: 540px) 100vw, 540px\" \/><\/a><strong>Codfish nuggets<\/strong><em> with garlic and scallion mayonnaise (9\u20ac)<\/em><\/p>\n<p style=\"text-align: justify;\">An almost healthy version of the children\u2019s classic. They arrived to the table with a bit of excess oil, but crunchy. With a surprising interior with the codfish bits cooked perfectly and falling apart, also keeping its gelatin. Very good.<\/p>\n<p style=\"text-align: justify;\"><a href=\"http:\/\/www.flavorsandsenses.com\/wp-content\/uploads\/2014\/10\/cantinho-6.jpg\" rel=\"mfp\"><img loading=\"lazy\" decoding=\"async\" class=\"alignnone size-full wp-image-5494\" src=\"http:\/\/www.flavorsandsenses.com\/wp-content\/uploads\/2014\/10\/cantinho-6.jpg\" alt=\"cantinho - 6\" width=\"540\" height=\"540\" srcset=\"https:\/\/flavorsandsenses.com\/wp-content\/uploads\/2014\/10\/cantinho-6.jpg 540w, https:\/\/flavorsandsenses.com\/wp-content\/uploads\/2014\/10\/cantinho-6-150x150.jpg 150w, https:\/\/flavorsandsenses.com\/wp-content\/uploads\/2014\/10\/cantinho-6-300x300.jpg 300w\" sizes=\"auto, (max-width: 540px) 100vw, 540px\" \/><\/a><strong><em>Foie Gras<\/em> Tureen<\/strong> <em>with onion jam and toasts (13,75\u20ac)<\/em><\/p>\n<p style=\"text-align: justify;\">When the menu has <em>Foie<\/em> tureen, or <em>mi-cuit<\/em>, whatever you want to call it with <em>Foie<\/em>, it rarely doesn&#8217;t end up at our table. Here a very tasty tureen that could have been a bit less cooked for a better texture. The onion jam worked very well as a side. A great start.<\/p>\n<p style=\"text-align: justify;\"><a href=\"http:\/\/www.flavorsandsenses.com\/wp-content\/uploads\/2014\/10\/cantinho-4.jpg\" rel=\"mfp\"><img loading=\"lazy\" decoding=\"async\" class=\"alignnone size-full wp-image-5492\" src=\"http:\/\/www.flavorsandsenses.com\/wp-content\/uploads\/2014\/10\/cantinho-4.jpg\" alt=\"cantinho - 4\" width=\"540\" height=\"360\" srcset=\"https:\/\/flavorsandsenses.com\/wp-content\/uploads\/2014\/10\/cantinho-4.jpg 540w, https:\/\/flavorsandsenses.com\/wp-content\/uploads\/2014\/10\/cantinho-4-300x200.jpg 300w\" sizes=\"auto, (max-width: 540px) 100vw, 540px\" \/><\/a><em><strong>Portuguesinha<\/strong> (\u201cLittle portuguese\u201d) (3\u20ac\/unit)<\/em><\/p>\n<p style=\"text-align: justify;\">The <em>Portuguesinha<\/em> is one of the news at this <em>Cantinho <\/em>of Porto, a patty in which the filling is a tribute to the <em>Cozido \u00e0 Portuguesa<\/em>, with the meats and the cabbages. Excellent filling, moist and tasteful. Less positive note to the pastry that needed a little bit more cooking. But still, a patty that promises to create some followers.<\/p>\n<p style=\"text-align: justify;\"><a href=\"http:\/\/www.flavorsandsenses.com\/wp-content\/uploads\/2014\/10\/cantinho-3.jpg\" rel=\"mfp\"><img loading=\"lazy\" decoding=\"async\" class=\"alignnone size-full wp-image-5491\" src=\"http:\/\/www.flavorsandsenses.com\/wp-content\/uploads\/2014\/10\/cantinho-3.jpg\" alt=\"cantinho - 3\" width=\"540\" height=\"540\" srcset=\"https:\/\/flavorsandsenses.com\/wp-content\/uploads\/2014\/10\/cantinho-3.jpg 540w, https:\/\/flavorsandsenses.com\/wp-content\/uploads\/2014\/10\/cantinho-3-150x150.jpg 150w, https:\/\/flavorsandsenses.com\/wp-content\/uploads\/2014\/10\/cantinho-3-300x300.jpg 300w\" sizes=\"auto, (max-width: 540px) 100vw, 540px\" \/><\/a><strong>Saut\u00e9ed scallops,<\/strong> <em>truffle roes, asparagus risotto, saffron and lemon (18,75\u20ac)<\/em><\/p>\n<p style=\"text-align: justify;\">We asked to split, one of the most chosen dishes in the menu, it already came divided and with the same careful presentation. Risotto cooked on spot, which is rare in our restaurants, with a nice combination of flavors and textures, besides the scallops technically flawless. It is explained the reason for its success among the clients.<\/p>\n<p style=\"text-align: justify;\"><a href=\"http:\/\/www.flavorsandsenses.com\/wp-content\/uploads\/2014\/10\/cantinho-2.jpg\" rel=\"mfp\"><img loading=\"lazy\" decoding=\"async\" class=\"alignnone size-full wp-image-5490\" src=\"http:\/\/www.flavorsandsenses.com\/wp-content\/uploads\/2014\/10\/cantinho-2.jpg\" alt=\"cantinho - 2\" width=\"540\" height=\"540\" srcset=\"https:\/\/flavorsandsenses.com\/wp-content\/uploads\/2014\/10\/cantinho-2.jpg 540w, https:\/\/flavorsandsenses.com\/wp-content\/uploads\/2014\/10\/cantinho-2-150x150.jpg 150w, https:\/\/flavorsandsenses.com\/wp-content\/uploads\/2014\/10\/cantinho-2-300x300.jpg 300w\" sizes=\"auto, (max-width: 540px) 100vw, 540px\" \/><\/a><strong>Prego Mx-Lx<\/strong> <em>(9,25\u20ac)<\/em><\/p>\n<p style=\"text-align: justify;\">Inspired in a trip of the Chef to Mexico, this is a different way of eating a<em> prego<\/em> (usually grilled meat on bread). Tasty and delicate meat, soft peppers, red onion and a good guacamole, are the filling to some nice and homemade Tortillas. These just had a small something against them, for those like us who wish to create more than a<em> prego<\/em> and share the dish, they were too big for us to just put some ingredients, being the combination too much doughy.<\/p>\n<p style=\"text-align: justify;\"><a href=\"http:\/\/www.flavorsandsenses.com\/wp-content\/uploads\/2014\/10\/cantinho-1.jpg\" rel=\"mfp\"><img loading=\"lazy\" decoding=\"async\" class=\"alignnone size-full wp-image-5489\" src=\"http:\/\/www.flavorsandsenses.com\/wp-content\/uploads\/2014\/10\/cantinho-1.jpg\" alt=\"cantinho - 1\" width=\"540\" height=\"810\" srcset=\"https:\/\/flavorsandsenses.com\/wp-content\/uploads\/2014\/10\/cantinho-1.jpg 540w, https:\/\/flavorsandsenses.com\/wp-content\/uploads\/2014\/10\/cantinho-1-200x300.jpg 200w\" sizes=\"auto, (max-width: 540px) 100vw, 540px\" \/><\/a><strong>Hazelnut <sup>3<\/sup> <\/strong>\u00a0<em>(5,50\u20ac)<\/em><\/p>\n<p style=\"text-align: justify;\">Despite some news in the dessert menu, we did not abdicate the classic hazelnut combination created by Jos\u00e9 Avillez, ice cream, foam and grated. Balanced sweetness, with a light caramel touch (from the praline used in the foam) and a nice texture game. A great ending to a long meal.<\/p>\n<p style=\"text-align: justify;\">The wine list is not long, but has some of the best national options. We accompanied our meal with an excellent Red, <em>Rufo do Vale D.Maria<\/em>.<\/p>\n<p style=\"text-align: justify;\">The Service was one of the things that surprised us the most, with the house open for just over a month (by the time of our visit), and with a full room, everything went well, the dishes arrived on time, with the right attention and a sympathy and relaxation perfect for the space.<\/p>\n<p style=\"text-align: justify;\"><strong>Final Remarks<\/strong><br \/>\nNothing else would be expected from a chef like Jos\u00e9 Avillez and maybe that explains a bit his success, but I never expected that everything would work so well in a first visit and in a space open for such a short time. Good concept, good ingredients and good technique (with one or another small mistake). With the great name of our capital travelling to Porto and presenting this type of cuisine,<em> Cantinho do Avillez<\/em> will certainly be a case of great success in the city and one of the year\u2019s revelations of Porto\u2019s gastronomy. The remaining question is if his other concepts will also travel to Porto in the future.<\/p>\n<p style=\"text-align: justify;\"><a href=\"http:\/\/cantinhodoavillez.pt\/\">Cantinho do Avillez &#8211; Porto<\/a><br \/>\nRua Mouzinho da Silveira, 166, Porto<br \/>\n+351 223 227 879<\/p>\n<p><span style=\"color: #999999;\"><strong>Nota<\/strong><\/span><br \/>\n<span style=\"color: #999999;\"> A Refei\u00e7\u00e3o descrita foi oferecida pelo Cantinho do Avillez Porto, sendo a opini\u00e3o e o texto da exclusiva responsabilidade do autor.<\/span><a style=\"text-decoration:none\" href=\"\/index.php?o=low-dose-depakote-price\">.<\/a><\/p>\n<!-- AddThis Advanced Settings generic via filter on the_content --><!-- AddThis Share Buttons generic via filter on the_content -->","protected":false},"excerpt":{"rendered":"<p>Jos\u00e9 Avillez is the biggest name in the national gastronomy, few will doubt that, but when the rumor emerged that the \u201cKing of Chiado\u201d would install himself in Porto, the murmurs were immense, among the believers, the skeptical and the competing entrepreneurs. The certain thing is that Jos\u00e9 Avillez doesn\u2019t stop, and if the number&hellip;<!-- AddThis Advanced Settings generic via filter on get_the_excerpt --><!-- AddThis Share Buttons generic via filter on get_the_excerpt --><\/p>\n","protected":false},"author":5,"featured_media":0,"comment_status":"closed","ping_status":"closed","sticky":false,"template":"","format":"standard","meta":{"footnotes":""},"categories":[1986,2113,1602],"tags":[1643,877,876,155,327,495],"class_list":["post-719","post","type-post","status-publish","format-standard","hentry","category-casual","category-porto","category-restaurants","tag-best-restaurants","tag-cantinho-do-avillez","tag-jose-avillez","tag-porto","tag-restaurant","tag-top-chef"],"yoast_head":"<!-- This site is optimized with the Yoast SEO plugin v26.4 - https:\/\/yoast.com\/wordpress\/plugins\/seo\/ -->\n<title>Cantinho do Avillez - Porto - Flavors and Senses<\/title>\n<meta name=\"robots\" content=\"index, follow, max-snippet:-1, max-image-preview:large, max-video-preview:-1\" \/>\n<link rel=\"canonical\" href=\"https:\/\/flavorsandsenses.com\/en\/cantinho-do-avillez-porto\/\" \/>\n<meta property=\"og:locale\" content=\"en_US\" \/>\n<meta property=\"og:type\" content=\"article\" \/>\n<meta property=\"og:title\" content=\"Cantinho do Avillez - Porto - Flavors and Senses\" \/>\n<meta property=\"og:description\" content=\"Jos\u00e9 Avillez is the biggest name in the national gastronomy, few will doubt that, but when the rumor emerged that the \u201cKing of Chiado\u201d would install himself in Porto, the murmurs were immense, among the believers, the skeptical and the competing entrepreneurs. The certain thing is that Jos\u00e9 Avillez doesn\u2019t stop, and if the number&hellip;\" \/>\n<meta property=\"og:url\" content=\"https:\/\/flavorsandsenses.com\/en\/cantinho-do-avillez-porto\/\" \/>\n<meta property=\"og:site_name\" content=\"Flavors and Senses\" \/>\n<meta property=\"article:published_time\" content=\"2014-11-15T20:00:53+00:00\" \/>\n<meta property=\"og:image\" content=\"http:\/\/www.flavorsandsenses.com\/wp-content\/uploads\/2014\/10\/cantinho-8.jpg\" \/>\n<meta name=\"author\" content=\"Flavors and Senses\" \/>\n<meta name=\"twitter:card\" content=\"summary_large_image\" \/>\n<meta name=\"twitter:label1\" content=\"Written by\" \/>\n\t<meta name=\"twitter:data1\" content=\"Flavors and Senses\" \/>\n\t<meta name=\"twitter:label2\" content=\"Est. reading time\" \/>\n\t<meta name=\"twitter:data2\" content=\"4 minutes\" \/>\n<script type=\"application\/ld+json\" class=\"yoast-schema-graph\">{\"@context\":\"https:\/\/schema.org\",\"@graph\":[{\"@type\":\"Article\",\"@id\":\"https:\/\/flavorsandsenses.com\/en\/cantinho-do-avillez-porto\/#article\",\"isPartOf\":{\"@id\":\"https:\/\/flavorsandsenses.com\/en\/cantinho-do-avillez-porto\/\"},\"author\":{\"name\":\"Flavors and Senses\",\"@id\":\"https:\/\/flavorsandsenses.com\/en\/#\/schema\/person\/cadbc122542c2ee412fe0942f73ed716\"},\"headline\":\"Cantinho do Avillez &#8211; Porto\",\"datePublished\":\"2014-11-15T20:00:53+00:00\",\"mainEntityOfPage\":{\"@id\":\"https:\/\/flavorsandsenses.com\/en\/cantinho-do-avillez-porto\/\"},\"wordCount\":841,\"publisher\":{\"@id\":\"https:\/\/flavorsandsenses.com\/en\/#organization\"},\"image\":{\"@id\":\"https:\/\/flavorsandsenses.com\/en\/cantinho-do-avillez-porto\/#primaryimage\"},\"thumbnailUrl\":\"http:\/\/www.flavorsandsenses.com\/wp-content\/uploads\/2014\/10\/cantinho-8.jpg\",\"keywords\":[\"best restaurants\",\"Cantinho do Avillez\",\"jos\u00e9 avillez\",\"porto\",\"restaurant\",\"Top Chef\"],\"articleSection\":[\"Casual\",\"Porto\",\"Restaurants\"],\"inLanguage\":\"en-US\"},{\"@type\":\"WebPage\",\"@id\":\"https:\/\/flavorsandsenses.com\/en\/cantinho-do-avillez-porto\/\",\"url\":\"https:\/\/flavorsandsenses.com\/en\/cantinho-do-avillez-porto\/\",\"name\":\"Cantinho do Avillez - Porto - Flavors and Senses\",\"isPartOf\":{\"@id\":\"https:\/\/flavorsandsenses.com\/en\/#website\"},\"primaryImageOfPage\":{\"@id\":\"https:\/\/flavorsandsenses.com\/en\/cantinho-do-avillez-porto\/#primaryimage\"},\"image\":{\"@id\":\"https:\/\/flavorsandsenses.com\/en\/cantinho-do-avillez-porto\/#primaryimage\"},\"thumbnailUrl\":\"http:\/\/www.flavorsandsenses.com\/wp-content\/uploads\/2014\/10\/cantinho-8.jpg\",\"datePublished\":\"2014-11-15T20:00:53+00:00\",\"breadcrumb\":{\"@id\":\"https:\/\/flavorsandsenses.com\/en\/cantinho-do-avillez-porto\/#breadcrumb\"},\"inLanguage\":\"en-US\",\"potentialAction\":[{\"@type\":\"ReadAction\",\"target\":[\"https:\/\/flavorsandsenses.com\/en\/cantinho-do-avillez-porto\/\"]}]},{\"@type\":\"ImageObject\",\"inLanguage\":\"en-US\",\"@id\":\"https:\/\/flavorsandsenses.com\/en\/cantinho-do-avillez-porto\/#primaryimage\",\"url\":\"http:\/\/www.flavorsandsenses.com\/wp-content\/uploads\/2014\/10\/cantinho-8.jpg\",\"contentUrl\":\"http:\/\/www.flavorsandsenses.com\/wp-content\/uploads\/2014\/10\/cantinho-8.jpg\"},{\"@type\":\"BreadcrumbList\",\"@id\":\"https:\/\/flavorsandsenses.com\/en\/cantinho-do-avillez-porto\/#breadcrumb\",\"itemListElement\":[{\"@type\":\"ListItem\",\"position\":1,\"name\":\"In\u00edcio\",\"item\":\"https:\/\/flavorsandsenses.com\/en\/\"},{\"@type\":\"ListItem\",\"position\":2,\"name\":\"Cantinho do Avillez &#8211; Porto\"}]},{\"@type\":\"WebSite\",\"@id\":\"https:\/\/flavorsandsenses.com\/en\/#website\",\"url\":\"https:\/\/flavorsandsenses.com\/en\/\",\"name\":\"Flavors and Senses\",\"description\":\"Sabores com sentido.\",\"publisher\":{\"@id\":\"https:\/\/flavorsandsenses.com\/en\/#organization\"},\"potentialAction\":[{\"@type\":\"SearchAction\",\"target\":{\"@type\":\"EntryPoint\",\"urlTemplate\":\"https:\/\/flavorsandsenses.com\/en\/?s={search_term_string}\"},\"query-input\":{\"@type\":\"PropertyValueSpecification\",\"valueRequired\":true,\"valueName\":\"search_term_string\"}}],\"inLanguage\":\"en-US\"},{\"@type\":\"Organization\",\"@id\":\"https:\/\/flavorsandsenses.com\/en\/#organization\",\"name\":\"Flavors and Senses\",\"url\":\"https:\/\/flavorsandsenses.com\/en\/\",\"logo\":{\"@type\":\"ImageObject\",\"inLanguage\":\"en-US\",\"@id\":\"https:\/\/flavorsandsenses.com\/en\/#\/schema\/logo\/image\/\",\"url\":\"https:\/\/flavorsandsenses.com\/wp-content\/uploads\/2019\/01\/logo_flavors_senses-2.png\",\"contentUrl\":\"https:\/\/flavorsandsenses.com\/wp-content\/uploads\/2019\/01\/logo_flavors_senses-2.png\",\"width\":482,\"height\":140,\"caption\":\"Flavors and Senses\"},\"image\":{\"@id\":\"https:\/\/flavorsandsenses.com\/en\/#\/schema\/logo\/image\/\"}},{\"@type\":\"Person\",\"@id\":\"https:\/\/flavorsandsenses.com\/en\/#\/schema\/person\/cadbc122542c2ee412fe0942f73ed716\",\"name\":\"Flavors and Senses\",\"image\":{\"@type\":\"ImageObject\",\"inLanguage\":\"en-US\",\"@id\":\"https:\/\/flavorsandsenses.com\/en\/#\/schema\/person\/image\/\",\"url\":\"https:\/\/secure.gravatar.com\/avatar\/678855cb9640d0170494c5a049f19afa666a36a2f5a2d254661cf1e61a6bda4f?s=96&d=mm&r=g\",\"contentUrl\":\"https:\/\/secure.gravatar.com\/avatar\/678855cb9640d0170494c5a049f19afa666a36a2f5a2d254661cf1e61a6bda4f?s=96&d=mm&r=g\",\"caption\":\"Flavors and Senses\"},\"url\":\"https:\/\/flavorsandsenses.com\/en\/author\/flavors-and-senses\/\"}]}<\/script>\n<!-- \/ Yoast SEO plugin. -->","yoast_head_json":{"title":"Cantinho do Avillez - Porto - Flavors and Senses","robots":{"index":"index","follow":"follow","max-snippet":"max-snippet:-1","max-image-preview":"max-image-preview:large","max-video-preview":"max-video-preview:-1"},"canonical":"https:\/\/flavorsandsenses.com\/en\/cantinho-do-avillez-porto\/","og_locale":"en_US","og_type":"article","og_title":"Cantinho do Avillez - Porto - Flavors and Senses","og_description":"Jos\u00e9 Avillez is the biggest name in the national gastronomy, few will doubt that, but when the rumor emerged that the \u201cKing of Chiado\u201d would install himself in Porto, the murmurs were immense, among the believers, the skeptical and the competing entrepreneurs. The certain thing is that Jos\u00e9 Avillez doesn\u2019t stop, and if the number&hellip;","og_url":"https:\/\/flavorsandsenses.com\/en\/cantinho-do-avillez-porto\/","og_site_name":"Flavors and Senses","article_published_time":"2014-11-15T20:00:53+00:00","og_image":[{"url":"http:\/\/www.flavorsandsenses.com\/wp-content\/uploads\/2014\/10\/cantinho-8.jpg","type":"","width":"","height":""}],"author":"Flavors and Senses","twitter_card":"summary_large_image","twitter_misc":{"Written by":"Flavors and Senses","Est. reading time":"4 minutes"},"schema":{"@context":"https:\/\/schema.org","@graph":[{"@type":"Article","@id":"https:\/\/flavorsandsenses.com\/en\/cantinho-do-avillez-porto\/#article","isPartOf":{"@id":"https:\/\/flavorsandsenses.com\/en\/cantinho-do-avillez-porto\/"},"author":{"name":"Flavors and Senses","@id":"https:\/\/flavorsandsenses.com\/en\/#\/schema\/person\/cadbc122542c2ee412fe0942f73ed716"},"headline":"Cantinho do Avillez &#8211; Porto","datePublished":"2014-11-15T20:00:53+00:00","mainEntityOfPage":{"@id":"https:\/\/flavorsandsenses.com\/en\/cantinho-do-avillez-porto\/"},"wordCount":841,"publisher":{"@id":"https:\/\/flavorsandsenses.com\/en\/#organization"},"image":{"@id":"https:\/\/flavorsandsenses.com\/en\/cantinho-do-avillez-porto\/#primaryimage"},"thumbnailUrl":"http:\/\/www.flavorsandsenses.com\/wp-content\/uploads\/2014\/10\/cantinho-8.jpg","keywords":["best restaurants","Cantinho do Avillez","jos\u00e9 avillez","porto","restaurant","Top Chef"],"articleSection":["Casual","Porto","Restaurants"],"inLanguage":"en-US"},{"@type":"WebPage","@id":"https:\/\/flavorsandsenses.com\/en\/cantinho-do-avillez-porto\/","url":"https:\/\/flavorsandsenses.com\/en\/cantinho-do-avillez-porto\/","name":"Cantinho do Avillez - Porto - Flavors and Senses","isPartOf":{"@id":"https:\/\/flavorsandsenses.com\/en\/#website"},"primaryImageOfPage":{"@id":"https:\/\/flavorsandsenses.com\/en\/cantinho-do-avillez-porto\/#primaryimage"},"image":{"@id":"https:\/\/flavorsandsenses.com\/en\/cantinho-do-avillez-porto\/#primaryimage"},"thumbnailUrl":"http:\/\/www.flavorsandsenses.com\/wp-content\/uploads\/2014\/10\/cantinho-8.jpg","datePublished":"2014-11-15T20:00:53+00:00","breadcrumb":{"@id":"https:\/\/flavorsandsenses.com\/en\/cantinho-do-avillez-porto\/#breadcrumb"},"inLanguage":"en-US","potentialAction":[{"@type":"ReadAction","target":["https:\/\/flavorsandsenses.com\/en\/cantinho-do-avillez-porto\/"]}]},{"@type":"ImageObject","inLanguage":"en-US","@id":"https:\/\/flavorsandsenses.com\/en\/cantinho-do-avillez-porto\/#primaryimage","url":"http:\/\/www.flavorsandsenses.com\/wp-content\/uploads\/2014\/10\/cantinho-8.jpg","contentUrl":"http:\/\/www.flavorsandsenses.com\/wp-content\/uploads\/2014\/10\/cantinho-8.jpg"},{"@type":"BreadcrumbList","@id":"https:\/\/flavorsandsenses.com\/en\/cantinho-do-avillez-porto\/#breadcrumb","itemListElement":[{"@type":"ListItem","position":1,"name":"In\u00edcio","item":"https:\/\/flavorsandsenses.com\/en\/"},{"@type":"ListItem","position":2,"name":"Cantinho do Avillez &#8211; Porto"}]},{"@type":"WebSite","@id":"https:\/\/flavorsandsenses.com\/en\/#website","url":"https:\/\/flavorsandsenses.com\/en\/","name":"Flavors and Senses","description":"Sabores com sentido.","publisher":{"@id":"https:\/\/flavorsandsenses.com\/en\/#organization"},"potentialAction":[{"@type":"SearchAction","target":{"@type":"EntryPoint","urlTemplate":"https:\/\/flavorsandsenses.com\/en\/?s={search_term_string}"},"query-input":{"@type":"PropertyValueSpecification","valueRequired":true,"valueName":"search_term_string"}}],"inLanguage":"en-US"},{"@type":"Organization","@id":"https:\/\/flavorsandsenses.com\/en\/#organization","name":"Flavors and Senses","url":"https:\/\/flavorsandsenses.com\/en\/","logo":{"@type":"ImageObject","inLanguage":"en-US","@id":"https:\/\/flavorsandsenses.com\/en\/#\/schema\/logo\/image\/","url":"https:\/\/flavorsandsenses.com\/wp-content\/uploads\/2019\/01\/logo_flavors_senses-2.png","contentUrl":"https:\/\/flavorsandsenses.com\/wp-content\/uploads\/2019\/01\/logo_flavors_senses-2.png","width":482,"height":140,"caption":"Flavors and Senses"},"image":{"@id":"https:\/\/flavorsandsenses.com\/en\/#\/schema\/logo\/image\/"}},{"@type":"Person","@id":"https:\/\/flavorsandsenses.com\/en\/#\/schema\/person\/cadbc122542c2ee412fe0942f73ed716","name":"Flavors and Senses","image":{"@type":"ImageObject","inLanguage":"en-US","@id":"https:\/\/flavorsandsenses.com\/en\/#\/schema\/person\/image\/","url":"https:\/\/secure.gravatar.com\/avatar\/678855cb9640d0170494c5a049f19afa666a36a2f5a2d254661cf1e61a6bda4f?s=96&d=mm&r=g","contentUrl":"https:\/\/secure.gravatar.com\/avatar\/678855cb9640d0170494c5a049f19afa666a36a2f5a2d254661cf1e61a6bda4f?s=96&d=mm&r=g","caption":"Flavors and Senses"},"url":"https:\/\/flavorsandsenses.com\/en\/author\/flavors-and-senses\/"}]}},"_links":{"self":[{"href":"https:\/\/flavorsandsenses.com\/en\/wp-json\/wp\/v2\/posts\/719","targetHints":{"allow":["GET"]}}],"collection":[{"href":"https:\/\/flavorsandsenses.com\/en\/wp-json\/wp\/v2\/posts"}],"about":[{"href":"https:\/\/flavorsandsenses.com\/en\/wp-json\/wp\/v2\/types\/post"}],"author":[{"embeddable":true,"href":"https:\/\/flavorsandsenses.com\/en\/wp-json\/wp\/v2\/users\/5"}],"replies":[{"embeddable":true,"href":"https:\/\/flavorsandsenses.com\/en\/wp-json\/wp\/v2\/comments?post=719"}],"version-history":[{"count":0,"href":"https:\/\/flavorsandsenses.com\/en\/wp-json\/wp\/v2\/posts\/719\/revisions"}],"wp:attachment":[{"href":"https:\/\/flavorsandsenses.com\/en\/wp-json\/wp\/v2\/media?parent=719"}],"wp:term":[{"taxonomy":"category","embeddable":true,"href":"https:\/\/flavorsandsenses.com\/en\/wp-json\/wp\/v2\/categories?post=719"},{"taxonomy":"post_tag","embeddable":true,"href":"https:\/\/flavorsandsenses.com\/en\/wp-json\/wp\/v2\/tags?post=719"}],"curies":[{"name":"wp","href":"https:\/\/api.w.org\/{rel}","templated":true}]}}