{"id":37567,"date":"2025-04-02T00:56:22","date_gmt":"2025-04-01T23:56:22","guid":{"rendered":"https:\/\/flavorsandsenses.com\/?p=37567"},"modified":"2025-04-02T01:00:59","modified_gmt":"2025-04-02T00:00:59","slug":"cavalarica-evora","status":"publish","type":"post","link":"https:\/\/flavorsandsenses.com\/en\/cavalarica-evora\/","title":{"rendered":"Cavalari\u00e7a \u00c9vora: Where Alentejo Whispers to The World"},"content":{"rendered":"<p><a href=\"https:\/\/flavorsandsenses.com\/wp-content\/uploads\/2025\/03\/cavalaricaevora23-23.jpg\" rel=\"mfp\"><img loading=\"lazy\" decoding=\"async\" class=\"alignleft size-full wp-image-37545\" src=\"https:\/\/flavorsandsenses.com\/wp-content\/uploads\/2025\/03\/cavalaricaevora23-23.jpg\" alt=\"\" width=\"1200\" height=\"853\" srcset=\"https:\/\/flavorsandsenses.com\/wp-content\/uploads\/2025\/03\/cavalaricaevora23-23.jpg 1200w, https:\/\/flavorsandsenses.com\/wp-content\/uploads\/2025\/03\/cavalaricaevora23-23-300x213.jpg 300w, https:\/\/flavorsandsenses.com\/wp-content\/uploads\/2025\/03\/cavalaricaevora23-23-1024x728.jpg 1024w, https:\/\/flavorsandsenses.com\/wp-content\/uploads\/2025\/03\/cavalaricaevora23-23-768x546.jpg 768w, https:\/\/flavorsandsenses.com\/wp-content\/uploads\/2025\/03\/cavalaricaevora23-23-450x320.jpg 450w, https:\/\/flavorsandsenses.com\/wp-content\/uploads\/2025\/03\/cavalaricaevora23-23-225x160.jpg 225w, https:\/\/flavorsandsenses.com\/wp-content\/uploads\/2025\/03\/cavalaricaevora23-23-900x640.jpg 900w, https:\/\/flavorsandsenses.com\/wp-content\/uploads\/2025\/03\/cavalaricaevora23-23-20x15.jpg 20w, https:\/\/flavorsandsenses.com\/wp-content\/uploads\/2025\/03\/cavalaricaevora23-23-135x96.jpg 135w\" sizes=\"auto, (max-width: 1200px) 100vw, 1200px\" \/><\/a><\/p>\n<p>&nbsp;<\/p>\n<p>In the height of the Alentejo summer, with the sun gilding the plains and the warm breeze whispering ancient stories, we found ourselves in \u00c9vora, a &#8220;museum city&#8221; of cobbled streets and memories that echo in its whitewashed walls. Our holiday promised rest and gastronomic discoveries, and so, on a starry night with an inviting climate, we set out to cross the doors of the Palace of the Dukes of Cadaval. But instead of <strong>past celebrations worthy of princesses and heirs, we celebrated the contemporary proposal of Cavalari\u00e7a \u00c9vora.<\/strong><\/p>\n<h3><strong><a href=\"https:\/\/flavorsandsenses.com\/wp-content\/uploads\/2025\/03\/cavalaricaevora23-5.jpg\" rel=\"mfp\"><img loading=\"lazy\" decoding=\"async\" class=\"alignleft size-full wp-image-37509\" src=\"https:\/\/flavorsandsenses.com\/wp-content\/uploads\/2025\/03\/cavalaricaevora23-5.jpg\" alt=\"\" width=\"1200\" height=\"900\" srcset=\"https:\/\/flavorsandsenses.com\/wp-content\/uploads\/2025\/03\/cavalaricaevora23-5.jpg 1200w, https:\/\/flavorsandsenses.com\/wp-content\/uploads\/2025\/03\/cavalaricaevora23-5-300x225.jpg 300w, https:\/\/flavorsandsenses.com\/wp-content\/uploads\/2025\/03\/cavalaricaevora23-5-1024x768.jpg 1024w, https:\/\/flavorsandsenses.com\/wp-content\/uploads\/2025\/03\/cavalaricaevora23-5-768x576.jpg 768w, https:\/\/flavorsandsenses.com\/wp-content\/uploads\/2025\/03\/cavalaricaevora23-5-450x338.jpg 450w, https:\/\/flavorsandsenses.com\/wp-content\/uploads\/2025\/03\/cavalaricaevora23-5-225x169.jpg 225w, https:\/\/flavorsandsenses.com\/wp-content\/uploads\/2025\/03\/cavalaricaevora23-5-900x675.jpg 900w, https:\/\/flavorsandsenses.com\/wp-content\/uploads\/2025\/03\/cavalaricaevora23-5-20x15.jpg 20w, https:\/\/flavorsandsenses.com\/wp-content\/uploads\/2025\/03\/cavalaricaevora23-5-128x96.jpg 128w\" sizes=\"auto, (max-width: 1200px) 100vw, 1200px\" \/><\/a>A Space That Breathes History<\/strong><\/h3>\n<p>Here, we step on stone floors polished by time. The outdoor terrace, with its trees and fountains in the ample exterior, contrasts with the high ceilings and robust walls that have witnessed centuries of stories. Yet, there is something new here \u2013<strong> vibrant murals by Esther Mahlangu that speak of distant lands<\/strong>, an almost theatrical light that dances over rustic wooden tables, and an atmosphere reminiscent of Andalusia and Morocco. The contrast is deliberate, nearly provocative: <strong>different cultures do not compete; they conspire and create!<\/strong><\/p>\n<p>We take our seats. The atmosphere is unpretentious yet carefully planned; each element seems to have been placed with purpose, like ingredients in a complex recipe. It is not minimalism; it is essentialism. Like the modern table lamp that saved my night \u2013 photographically speaking, of course!<\/p>\n<h3><strong><a href=\"https:\/\/flavorsandsenses.com\/wp-content\/uploads\/2025\/03\/cavalaricaevora23-3.jpg\" rel=\"mfp\"><img loading=\"lazy\" decoding=\"async\" class=\"alignleft size-full wp-image-37505\" src=\"https:\/\/flavorsandsenses.com\/wp-content\/uploads\/2025\/03\/cavalaricaevora23-3.jpg\" alt=\"\" width=\"1200\" height=\"900\" srcset=\"https:\/\/flavorsandsenses.com\/wp-content\/uploads\/2025\/03\/cavalaricaevora23-3.jpg 1200w, https:\/\/flavorsandsenses.com\/wp-content\/uploads\/2025\/03\/cavalaricaevora23-3-300x225.jpg 300w, https:\/\/flavorsandsenses.com\/wp-content\/uploads\/2025\/03\/cavalaricaevora23-3-1024x768.jpg 1024w, https:\/\/flavorsandsenses.com\/wp-content\/uploads\/2025\/03\/cavalaricaevora23-3-768x576.jpg 768w, https:\/\/flavorsandsenses.com\/wp-content\/uploads\/2025\/03\/cavalaricaevora23-3-450x338.jpg 450w, https:\/\/flavorsandsenses.com\/wp-content\/uploads\/2025\/03\/cavalaricaevora23-3-225x169.jpg 225w, https:\/\/flavorsandsenses.com\/wp-content\/uploads\/2025\/03\/cavalaricaevora23-3-900x675.jpg 900w, https:\/\/flavorsandsenses.com\/wp-content\/uploads\/2025\/03\/cavalaricaevora23-3-20x15.jpg 20w, https:\/\/flavorsandsenses.com\/wp-content\/uploads\/2025\/03\/cavalaricaevora23-3-128x96.jpg 128w\" sizes=\"auto, (max-width: 1200px) 100vw, 1200px\" \/><\/a>The Artisans of Flavor<\/strong><\/h3>\n<p>As is customary in these gastronomic chronicles, between our visit and the publication of this text, time \u2013 always relentless \u2013 has brought changes. <strong>Bruno Caseiro, the chef who conceived and gave soul to the Cavalari\u00e7a<\/strong> concept, signed the menus, and defined the culinary identity of these spaces until very recently,<strong> is no longer at the group&#8217;s helm.<\/strong> However, everything we narrate here unmistakably stems from his creative universe, from his vision that, despite a late start, traversed renowned kitchens such as those of Belcanto, O Viajante, Chiltern Firehouse, and Taberna do Mercado alongside Nuno Mendes.<\/p>\n<p>During our visit, <strong>Catalina Viveros<\/strong> was already leading the kitchen at Cavalari\u00e7a \u00c9vora, imprinting, alongside Bruno Caseiro, her global perspective on the Alentejo matrix and its products. The Chilean chef, now assuming the group&#8217;s leadership, has managed to preserve the essence of the unpretentious approach and the deep respect for ingredients that characterize the original philosophy while adding nuances that reflect her gastronomic journey.<\/p>\n<figure id=\"attachment_37513\" aria-describedby=\"caption-attachment-37513\" style=\"width: 1200px\" class=\"wp-caption alignleft\"><a href=\"https:\/\/flavorsandsenses.com\/wp-content\/uploads\/2025\/03\/cavalaricaevora23-7.jpg\" rel=\"mfp\"><img loading=\"lazy\" decoding=\"async\" class=\"wp-image-37513 size-full\" src=\"https:\/\/flavorsandsenses.com\/wp-content\/uploads\/2025\/03\/cavalaricaevora23-7.jpg\" alt=\"Enchidos, Presunto e queijos alentejanos com diferentes curas\" width=\"1200\" height=\"810\" srcset=\"https:\/\/flavorsandsenses.com\/wp-content\/uploads\/2025\/03\/cavalaricaevora23-7.jpg 1200w, https:\/\/flavorsandsenses.com\/wp-content\/uploads\/2025\/03\/cavalaricaevora23-7-300x203.jpg 300w, https:\/\/flavorsandsenses.com\/wp-content\/uploads\/2025\/03\/cavalaricaevora23-7-1024x691.jpg 1024w, https:\/\/flavorsandsenses.com\/wp-content\/uploads\/2025\/03\/cavalaricaevora23-7-768x518.jpg 768w, https:\/\/flavorsandsenses.com\/wp-content\/uploads\/2025\/03\/cavalaricaevora23-7-450x304.jpg 450w, https:\/\/flavorsandsenses.com\/wp-content\/uploads\/2025\/03\/cavalaricaevora23-7-225x152.jpg 225w, https:\/\/flavorsandsenses.com\/wp-content\/uploads\/2025\/03\/cavalaricaevora23-7-900x608.jpg 900w, https:\/\/flavorsandsenses.com\/wp-content\/uploads\/2025\/03\/cavalaricaevora23-7-20x15.jpg 20w, https:\/\/flavorsandsenses.com\/wp-content\/uploads\/2025\/03\/cavalaricaevora23-7-142x96.jpg 142w\" sizes=\"auto, (max-width: 1200px) 100vw, 1200px\" \/><\/a><figcaption id=\"caption-attachment-37513\" class=\"wp-caption-text\">Cured Meats and Cheeses from Alentejo<\/figcaption><\/figure>\n<p>&nbsp;<\/p>\n<p>It is no surprise <strong>that in 2025, Cavalari\u00e7a \u00c9vora<\/strong> was recognized as a recommended restaurant in the prestigious <strong>Michelin Guide Portugal.<\/strong><\/p>\n<h3><strong>The Gastronomic Narrative<\/strong><\/h3>\n<p><strong>The bread arrives \u2013 Alentejo bread and rye cornbread<\/strong> \u2013 made in-house and accompanied by fermented butter that melts slowly and one of the best extra virgin olive oils produced in Portugal, which speaks for itself. The crispy sourdough toasts were a pleasant surprise in terms of texture; however, the bread and rye cornbread lacked the lightness we expected, being too dense and dry for an Alentejo bread. A curious contrast in a land where bread is almost a religion and with a chef who likes to highlight the bread he produces. <strong>Indeed, it was probably just an off day for the Cavalari\u00e7a oven<\/strong>.<\/p>\n<p><strong>The cured Alentejo meats and cheeses are not mere appetizers;<\/strong> they are a cartography of local producers, with a clear statement that &#8220;when the product is good, best not to tamper with it\u201d. Thus, they bring a touch of tradition and simplicity to a menu filled with nuances and distinct techniques.<\/p>\n<figure id=\"attachment_37517\" aria-describedby=\"caption-attachment-37517\" style=\"width: 1200px\" class=\"wp-caption alignleft\"><a href=\"https:\/\/flavorsandsenses.com\/wp-content\/uploads\/2025\/03\/cavalaricaevora23-9.jpg\" rel=\"mfp\"><img loading=\"lazy\" decoding=\"async\" class=\"size-full wp-image-37517\" src=\"https:\/\/flavorsandsenses.com\/wp-content\/uploads\/2025\/03\/cavalaricaevora23-9.jpg\" alt=\"\" width=\"1200\" height=\"1728\" srcset=\"https:\/\/flavorsandsenses.com\/wp-content\/uploads\/2025\/03\/cavalaricaevora23-9.jpg 1200w, https:\/\/flavorsandsenses.com\/wp-content\/uploads\/2025\/03\/cavalaricaevora23-9-208x300.jpg 208w, https:\/\/flavorsandsenses.com\/wp-content\/uploads\/2025\/03\/cavalaricaevora23-9-711x1024.jpg 711w, https:\/\/flavorsandsenses.com\/wp-content\/uploads\/2025\/03\/cavalaricaevora23-9-768x1106.jpg 768w, https:\/\/flavorsandsenses.com\/wp-content\/uploads\/2025\/03\/cavalaricaevora23-9-1067x1536.jpg 1067w, https:\/\/flavorsandsenses.com\/wp-content\/uploads\/2025\/03\/cavalaricaevora23-9-450x648.jpg 450w, https:\/\/flavorsandsenses.com\/wp-content\/uploads\/2025\/03\/cavalaricaevora23-9-225x324.jpg 225w, https:\/\/flavorsandsenses.com\/wp-content\/uploads\/2025\/03\/cavalaricaevora23-9-900x1296.jpg 900w, https:\/\/flavorsandsenses.com\/wp-content\/uploads\/2025\/03\/cavalaricaevora23-9-20x29.jpg 20w, https:\/\/flavorsandsenses.com\/wp-content\/uploads\/2025\/03\/cavalaricaevora23-9-67x96.jpg 67w\" sizes=\"auto, (max-width: 1200px) 100vw, 1200px\" \/><\/a><figcaption id=\"caption-attachment-37517\" class=\"wp-caption-text\">the delicious lamb empanadas<\/figcaption><\/figure>\n<p><strong>As empanadas de borrego<\/strong> s\u00e3o pequenos tesouros dourados que escondem um interior suculento, uma viagem pela heran\u00e7a cultural da chef, que, nesta representa\u00e7\u00e3o alentejana do cl\u00e1ssico chileno, eleva-o com um molho verde de algas que traz o mar para o interior alentejano \u2013 <strong>uma provoca\u00e7\u00e3o deliciosa aos mais puristas.<\/strong><\/p>\n<p>The<strong> lamb empanadas<\/strong> are tiny golden treasures hiding a succulent interior. They are a journey through the chef&#8217;s cultural representation of the Chilean classic with a green seaweed sauce that brings the sea into the Alentejo interior\u2014 heritage, which elevates this A<strong>a delicious provocation to the purists.<\/strong><\/p>\n<figure id=\"attachment_37519\" aria-describedby=\"caption-attachment-37519\" style=\"width: 1200px\" class=\"wp-caption alignleft\"><a href=\"https:\/\/flavorsandsenses.com\/wp-content\/uploads\/2025\/03\/cavalaricaevora23-10.jpg\" rel=\"mfp\"><img loading=\"lazy\" decoding=\"async\" class=\"size-full wp-image-37519\" src=\"https:\/\/flavorsandsenses.com\/wp-content\/uploads\/2025\/03\/cavalaricaevora23-10.jpg\" alt=\"A tempura de legumes\" width=\"1200\" height=\"837\" srcset=\"https:\/\/flavorsandsenses.com\/wp-content\/uploads\/2025\/03\/cavalaricaevora23-10.jpg 1200w, https:\/\/flavorsandsenses.com\/wp-content\/uploads\/2025\/03\/cavalaricaevora23-10-300x209.jpg 300w, https:\/\/flavorsandsenses.com\/wp-content\/uploads\/2025\/03\/cavalaricaevora23-10-1024x714.jpg 1024w, https:\/\/flavorsandsenses.com\/wp-content\/uploads\/2025\/03\/cavalaricaevora23-10-768x536.jpg 768w, https:\/\/flavorsandsenses.com\/wp-content\/uploads\/2025\/03\/cavalaricaevora23-10-450x314.jpg 450w, https:\/\/flavorsandsenses.com\/wp-content\/uploads\/2025\/03\/cavalaricaevora23-10-225x157.jpg 225w, https:\/\/flavorsandsenses.com\/wp-content\/uploads\/2025\/03\/cavalaricaevora23-10-900x628.jpg 900w, https:\/\/flavorsandsenses.com\/wp-content\/uploads\/2025\/03\/cavalaricaevora23-10-20x15.jpg 20w, https:\/\/flavorsandsenses.com\/wp-content\/uploads\/2025\/03\/cavalaricaevora23-10-138x96.jpg 138w\" sizes=\"auto, (max-width: 1200px) 100vw, 1200px\" \/><\/a><figcaption id=\"caption-attachment-37519\" class=\"wp-caption-text\">Vegetables tempura<\/figcaption><\/figure>\n<p>&nbsp;<\/p>\n<p>The <strong>vegetable tempura<\/strong> appears as a Japanese haiku interpreted with an Alentejo accent \u2013 <strong>green beans, kale, and courgette<\/strong> in crispy garments of the highest technical level, which, dipped in a citrusy lemon and coriander dip, cut through the frying with precision and freshness.<\/p>\n<figure id=\"attachment_37525\" aria-describedby=\"caption-attachment-37525\" style=\"width: 1200px\" class=\"wp-caption alignleft\"><a href=\"https:\/\/flavorsandsenses.com\/wp-content\/uploads\/2025\/03\/cavalaricaevora23-13.jpg\" rel=\"mfp\"><img loading=\"lazy\" decoding=\"async\" class=\"size-full wp-image-37525\" src=\"https:\/\/flavorsandsenses.com\/wp-content\/uploads\/2025\/03\/cavalaricaevora23-13.jpg\" alt=\"Tortilla Alentejana\" width=\"1200\" height=\"804\" srcset=\"https:\/\/flavorsandsenses.com\/wp-content\/uploads\/2025\/03\/cavalaricaevora23-13.jpg 1200w, https:\/\/flavorsandsenses.com\/wp-content\/uploads\/2025\/03\/cavalaricaevora23-13-300x201.jpg 300w, https:\/\/flavorsandsenses.com\/wp-content\/uploads\/2025\/03\/cavalaricaevora23-13-1024x686.jpg 1024w, https:\/\/flavorsandsenses.com\/wp-content\/uploads\/2025\/03\/cavalaricaevora23-13-768x515.jpg 768w, https:\/\/flavorsandsenses.com\/wp-content\/uploads\/2025\/03\/cavalaricaevora23-13-450x302.jpg 450w, https:\/\/flavorsandsenses.com\/wp-content\/uploads\/2025\/03\/cavalaricaevora23-13-225x151.jpg 225w, https:\/\/flavorsandsenses.com\/wp-content\/uploads\/2025\/03\/cavalaricaevora23-13-900x603.jpg 900w, https:\/\/flavorsandsenses.com\/wp-content\/uploads\/2025\/03\/cavalaricaevora23-13-20x13.jpg 20w, https:\/\/flavorsandsenses.com\/wp-content\/uploads\/2025\/03\/cavalaricaevora23-13-143x96.jpg 143w\" sizes=\"auto, (max-width: 1200px) 100vw, 1200px\" \/><\/a><figcaption id=\"caption-attachment-37525\" class=\"wp-caption-text\">Tortilla from Alentejo<\/figcaption><\/figure>\n<p>&nbsp;<\/p>\n<p>The<strong> tortilla from Alentejo<\/strong> is a familiar embrace, an exquisite representation of that classic from &#8220;nuestros hermanos,&#8221; made with Alentejo products: potatoes, eggs, and onions, <strong>shining on a stage filled with more dazzling and appealing stars.<\/strong><\/p>\n<p><a href=\"https:\/\/flavorsandsenses.com\/wp-content\/uploads\/2025\/03\/cavalaricaevora23-15.jpg\" rel=\"mfp\"><img loading=\"lazy\" decoding=\"async\" class=\"alignleft size-full wp-image-37529\" src=\"https:\/\/flavorsandsenses.com\/wp-content\/uploads\/2025\/03\/cavalaricaevora23-15.jpg\" alt=\"\" width=\"1200\" height=\"845\" srcset=\"https:\/\/flavorsandsenses.com\/wp-content\/uploads\/2025\/03\/cavalaricaevora23-15.jpg 1200w, https:\/\/flavorsandsenses.com\/wp-content\/uploads\/2025\/03\/cavalaricaevora23-15-300x211.jpg 300w, https:\/\/flavorsandsenses.com\/wp-content\/uploads\/2025\/03\/cavalaricaevora23-15-1024x721.jpg 1024w, https:\/\/flavorsandsenses.com\/wp-content\/uploads\/2025\/03\/cavalaricaevora23-15-768x541.jpg 768w, https:\/\/flavorsandsenses.com\/wp-content\/uploads\/2025\/03\/cavalaricaevora23-15-450x317.jpg 450w, https:\/\/flavorsandsenses.com\/wp-content\/uploads\/2025\/03\/cavalaricaevora23-15-225x158.jpg 225w, https:\/\/flavorsandsenses.com\/wp-content\/uploads\/2025\/03\/cavalaricaevora23-15-900x634.jpg 900w, https:\/\/flavorsandsenses.com\/wp-content\/uploads\/2025\/03\/cavalaricaevora23-15-20x15.jpg 20w, https:\/\/flavorsandsenses.com\/wp-content\/uploads\/2025\/03\/cavalaricaevora23-15-136x96.jpg 136w\" sizes=\"auto, (max-width: 1200px) 100vw, 1200px\" \/><\/a><\/p>\n<p>Meanwhile, the <strong>tuna carpaccio with tonnato sauce<\/strong> and mizunas is a journey, a dialogue between cultures representing the creative universe through which Bruno has been shaped. Fantastic flavor reinforcement of the tuna with the tonnato sauce, the contrast of textures, the slight acidity, and the subtle sweetness of the fruit that appeared.<\/p>\n<figure id=\"attachment_37531\" aria-describedby=\"caption-attachment-37531\" style=\"width: 1200px\" class=\"wp-caption alignleft\"><a href=\"https:\/\/flavorsandsenses.com\/wp-content\/uploads\/2025\/03\/cavalaricaevora23-16.jpg\" rel=\"mfp\"><img loading=\"lazy\" decoding=\"async\" class=\"size-full wp-image-37531\" src=\"https:\/\/flavorsandsenses.com\/wp-content\/uploads\/2025\/03\/cavalaricaevora23-16.jpg\" alt=\"T\u00e1rtaro de vaca\" width=\"1200\" height=\"848\" srcset=\"https:\/\/flavorsandsenses.com\/wp-content\/uploads\/2025\/03\/cavalaricaevora23-16.jpg 1200w, https:\/\/flavorsandsenses.com\/wp-content\/uploads\/2025\/03\/cavalaricaevora23-16-300x212.jpg 300w, https:\/\/flavorsandsenses.com\/wp-content\/uploads\/2025\/03\/cavalaricaevora23-16-1024x724.jpg 1024w, https:\/\/flavorsandsenses.com\/wp-content\/uploads\/2025\/03\/cavalaricaevora23-16-768x543.jpg 768w, https:\/\/flavorsandsenses.com\/wp-content\/uploads\/2025\/03\/cavalaricaevora23-16-450x318.jpg 450w, https:\/\/flavorsandsenses.com\/wp-content\/uploads\/2025\/03\/cavalaricaevora23-16-225x159.jpg 225w, https:\/\/flavorsandsenses.com\/wp-content\/uploads\/2025\/03\/cavalaricaevora23-16-900x636.jpg 900w, https:\/\/flavorsandsenses.com\/wp-content\/uploads\/2025\/03\/cavalaricaevora23-16-20x15.jpg 20w, https:\/\/flavorsandsenses.com\/wp-content\/uploads\/2025\/03\/cavalaricaevora23-16-136x96.jpg 136w\" sizes=\"auto, (max-width: 1200px) 100vw, 1200px\" \/><\/a><figcaption id=\"caption-attachment-37531\" class=\"wp-caption-text\">Beef Tartare<\/figcaption><\/figure>\n<p>&nbsp;<\/p>\n<p>The<strong> beef tartare with smoked mayonnaise<\/strong> is a slight reinterpretation of the traditional combination, technically well-executed, with a &#8220;do-it-yourself&#8221; touch in mixing the ingredients and served with excellent Alentejo bread toasts. Good, but without the distinct and surprising touch of other dishes.<\/p>\n<figure id=\"attachment_37537\" aria-describedby=\"caption-attachment-37537\" style=\"width: 1200px\" class=\"wp-caption alignleft\"><a href=\"https:\/\/flavorsandsenses.com\/wp-content\/uploads\/2025\/03\/cavalaricaevora23-19.jpg\" rel=\"mfp\"><img loading=\"lazy\" decoding=\"async\" class=\"size-full wp-image-37537\" src=\"https:\/\/flavorsandsenses.com\/wp-content\/uploads\/2025\/03\/cavalaricaevora23-19.jpg\" alt=\"lula salteada\" width=\"1200\" height=\"822\" srcset=\"https:\/\/flavorsandsenses.com\/wp-content\/uploads\/2025\/03\/cavalaricaevora23-19.jpg 1200w, https:\/\/flavorsandsenses.com\/wp-content\/uploads\/2025\/03\/cavalaricaevora23-19-300x206.jpg 300w, https:\/\/flavorsandsenses.com\/wp-content\/uploads\/2025\/03\/cavalaricaevora23-19-1024x701.jpg 1024w, https:\/\/flavorsandsenses.com\/wp-content\/uploads\/2025\/03\/cavalaricaevora23-19-768x526.jpg 768w, https:\/\/flavorsandsenses.com\/wp-content\/uploads\/2025\/03\/cavalaricaevora23-19-450x308.jpg 450w, https:\/\/flavorsandsenses.com\/wp-content\/uploads\/2025\/03\/cavalaricaevora23-19-225x154.jpg 225w, https:\/\/flavorsandsenses.com\/wp-content\/uploads\/2025\/03\/cavalaricaevora23-19-900x617.jpg 900w, https:\/\/flavorsandsenses.com\/wp-content\/uploads\/2025\/03\/cavalaricaevora23-19-20x15.jpg 20w, https:\/\/flavorsandsenses.com\/wp-content\/uploads\/2025\/03\/cavalaricaevora23-19-140x96.jpg 140w\" sizes=\"auto, (max-width: 1200px) 100vw, 1200px\" \/><\/a><figcaption id=\"caption-attachment-37537\" class=\"wp-caption-text\">Saut\u00e9ed Squid<\/figcaption><\/figure>\n<h3><strong>The Decisive Moments<\/strong><\/h3>\n<p><strong>The saut\u00e9ed squid was the climax of this experience.<\/strong> Perfect in texture\u2014tender yet firm\u2014it finds a worthy companion in the salt-baked new potatoes. The smoked cuttlefish ink sauce is the shadow that highlights the light, deep, almost primordial, while the contemporary creamed greens bring earthy notes to the equation. <strong>This dish is truly exceptional; it proudly showcases its roots<\/strong> while also transcending them.<\/p>\n<p><a href=\"https:\/\/flavorsandsenses.com\/wp-content\/uploads\/2025\/03\/cavalaricaevora23-21.jpg\" rel=\"mfp\"><img loading=\"lazy\" decoding=\"async\" class=\"alignleft size-full wp-image-37541\" src=\"https:\/\/flavorsandsenses.com\/wp-content\/uploads\/2025\/03\/cavalaricaevora23-21.jpg\" alt=\"\" width=\"1200\" height=\"777\" srcset=\"https:\/\/flavorsandsenses.com\/wp-content\/uploads\/2025\/03\/cavalaricaevora23-21.jpg 1200w, https:\/\/flavorsandsenses.com\/wp-content\/uploads\/2025\/03\/cavalaricaevora23-21-300x194.jpg 300w, https:\/\/flavorsandsenses.com\/wp-content\/uploads\/2025\/03\/cavalaricaevora23-21-1024x663.jpg 1024w, https:\/\/flavorsandsenses.com\/wp-content\/uploads\/2025\/03\/cavalaricaevora23-21-768x497.jpg 768w, https:\/\/flavorsandsenses.com\/wp-content\/uploads\/2025\/03\/cavalaricaevora23-21-450x291.jpg 450w, https:\/\/flavorsandsenses.com\/wp-content\/uploads\/2025\/03\/cavalaricaevora23-21-225x146.jpg 225w, https:\/\/flavorsandsenses.com\/wp-content\/uploads\/2025\/03\/cavalaricaevora23-21-900x583.jpg 900w, https:\/\/flavorsandsenses.com\/wp-content\/uploads\/2025\/03\/cavalaricaevora23-21-20x13.jpg 20w, https:\/\/flavorsandsenses.com\/wp-content\/uploads\/2025\/03\/cavalaricaevora23-21-148x96.jpg 148w\" sizes=\"auto, (max-width: 1200px) 100vw, 1200px\" \/><\/a><\/p>\n<p>&nbsp;<\/p>\n<p>The <strong>wild fish dish<\/strong> sails in purer waters, relying on the freshness of the fish and impeccable execution. The<strong> mussel pil-pil<\/strong> is the wave that carries and binds it, perfectly salted and unctuous, while the fennel notes take us traveling to other places\u2014 perfect doneness of the fish, with the unmistakable mussel flavor.<\/p>\n<figure id=\"attachment_37549\" aria-describedby=\"caption-attachment-37549\" style=\"width: 1200px\" class=\"wp-caption alignleft\"><a href=\"https:\/\/flavorsandsenses.com\/wp-content\/uploads\/2025\/03\/cavalaricaevora23-25.jpg\" rel=\"mfp\"><img loading=\"lazy\" decoding=\"async\" class=\"wp-image-37549 size-full\" src=\"https:\/\/flavorsandsenses.com\/wp-content\/uploads\/2025\/03\/cavalaricaevora23-25.jpg\" alt=\"Cacha\u00e7o de porco alentejano\" width=\"1200\" height=\"900\" srcset=\"https:\/\/flavorsandsenses.com\/wp-content\/uploads\/2025\/03\/cavalaricaevora23-25.jpg 1200w, https:\/\/flavorsandsenses.com\/wp-content\/uploads\/2025\/03\/cavalaricaevora23-25-300x225.jpg 300w, https:\/\/flavorsandsenses.com\/wp-content\/uploads\/2025\/03\/cavalaricaevora23-25-1024x768.jpg 1024w, https:\/\/flavorsandsenses.com\/wp-content\/uploads\/2025\/03\/cavalaricaevora23-25-768x576.jpg 768w, https:\/\/flavorsandsenses.com\/wp-content\/uploads\/2025\/03\/cavalaricaevora23-25-450x338.jpg 450w, https:\/\/flavorsandsenses.com\/wp-content\/uploads\/2025\/03\/cavalaricaevora23-25-225x169.jpg 225w, https:\/\/flavorsandsenses.com\/wp-content\/uploads\/2025\/03\/cavalaricaevora23-25-900x675.jpg 900w, https:\/\/flavorsandsenses.com\/wp-content\/uploads\/2025\/03\/cavalaricaevora23-25-20x15.jpg 20w, https:\/\/flavorsandsenses.com\/wp-content\/uploads\/2025\/03\/cavalaricaevora23-25-128x96.jpg 128w\" sizes=\"auto, (max-width: 1200px) 100vw, 1200px\" \/><\/a><figcaption id=\"caption-attachment-37549\" class=\"wp-caption-text\">Alentejo pork neck<\/figcaption><\/figure>\n<p>&nbsp;<\/p>\n<p><strong>The Alentejo pork neck, accompanied by apple and smoked parsnip<\/strong>, was succulent and flavorful, impeccable in texture and sauce. The apple and smoked parsnip served as the counterpoint and echo, sweetness and depth, in a <strong>harmonious marriage<\/strong>. The triple-fried fries were a necessary indulgence, especially for those dining with a child, a moment of pure and costly indulgence in a menu of serious intentions. Excellent, but pricey for the portion presented!<\/p>\n<figure id=\"attachment_37557\" aria-describedby=\"caption-attachment-37557\" style=\"width: 1200px\" class=\"wp-caption alignleft\"><a href=\"https:\/\/flavorsandsenses.com\/wp-content\/uploads\/2025\/03\/cavalaricaevora23-29.jpg\" rel=\"mfp\"><img loading=\"lazy\" decoding=\"async\" class=\"size-full wp-image-37557\" src=\"https:\/\/flavorsandsenses.com\/wp-content\/uploads\/2025\/03\/cavalaricaevora23-29.jpg\" alt=\"\" width=\"1200\" height=\"838\" srcset=\"https:\/\/flavorsandsenses.com\/wp-content\/uploads\/2025\/03\/cavalaricaevora23-29.jpg 1200w, https:\/\/flavorsandsenses.com\/wp-content\/uploads\/2025\/03\/cavalaricaevora23-29-300x210.jpg 300w, https:\/\/flavorsandsenses.com\/wp-content\/uploads\/2025\/03\/cavalaricaevora23-29-1024x715.jpg 1024w, https:\/\/flavorsandsenses.com\/wp-content\/uploads\/2025\/03\/cavalaricaevora23-29-768x536.jpg 768w, https:\/\/flavorsandsenses.com\/wp-content\/uploads\/2025\/03\/cavalaricaevora23-29-450x314.jpg 450w, https:\/\/flavorsandsenses.com\/wp-content\/uploads\/2025\/03\/cavalaricaevora23-29-225x157.jpg 225w, https:\/\/flavorsandsenses.com\/wp-content\/uploads\/2025\/03\/cavalaricaevora23-29-900x629.jpg 900w, https:\/\/flavorsandsenses.com\/wp-content\/uploads\/2025\/03\/cavalaricaevora23-29-20x15.jpg 20w, https:\/\/flavorsandsenses.com\/wp-content\/uploads\/2025\/03\/cavalaricaevora23-29-137x96.jpg 137w\" sizes=\"auto, (max-width: 1200px) 100vw, 1200px\" \/><\/a><figcaption id=\"caption-attachment-37557\" class=\"wp-caption-text\">Citrus Roulade<\/figcaption><\/figure>\n<p>The desserts are not mere epilogues but necessary and obligatory conclusions, demonstrating that they receive the same attention as the main courses. The citrus roulade with chamomile and honey ice cream is a balanced equation of acidity and sweetness, with well-structured elements that combine sophistication and comfort. It seemingly reinterprets\u00a0the classic combination of orange, olive oil, and honey.<\/p>\n<p><strong>The raspberry sorbet with blueberries<\/strong> in different preparations and purple basil turned out to be much more than expected. It was fresh, light, sweet, and acidic, just enough, a f<strong>inale to my liking, closing the meal with a golden key<\/strong>. There was even time for some delicate \u00c9vora &#8220;queijadas&#8221; (I would have eaten a dozen if I could)!<\/p>\n<figure id=\"attachment_37551\" aria-describedby=\"caption-attachment-37551\" style=\"width: 1200px\" class=\"wp-caption alignleft\"><a href=\"https:\/\/flavorsandsenses.com\/wp-content\/uploads\/2025\/03\/cavalaricaevora23-26.jpg\" rel=\"mfp\"><img loading=\"lazy\" decoding=\"async\" class=\"wp-image-37551 size-full\" src=\"https:\/\/flavorsandsenses.com\/wp-content\/uploads\/2025\/03\/cavalaricaevora23-26.jpg\" alt=\"\" width=\"1200\" height=\"798\" srcset=\"https:\/\/flavorsandsenses.com\/wp-content\/uploads\/2025\/03\/cavalaricaevora23-26.jpg 1200w, https:\/\/flavorsandsenses.com\/wp-content\/uploads\/2025\/03\/cavalaricaevora23-26-300x200.jpg 300w, https:\/\/flavorsandsenses.com\/wp-content\/uploads\/2025\/03\/cavalaricaevora23-26-1024x681.jpg 1024w, https:\/\/flavorsandsenses.com\/wp-content\/uploads\/2025\/03\/cavalaricaevora23-26-768x511.jpg 768w, https:\/\/flavorsandsenses.com\/wp-content\/uploads\/2025\/03\/cavalaricaevora23-26-450x299.jpg 450w, https:\/\/flavorsandsenses.com\/wp-content\/uploads\/2025\/03\/cavalaricaevora23-26-225x150.jpg 225w, https:\/\/flavorsandsenses.com\/wp-content\/uploads\/2025\/03\/cavalaricaevora23-26-900x599.jpg 900w, https:\/\/flavorsandsenses.com\/wp-content\/uploads\/2025\/03\/cavalaricaevora23-26-20x13.jpg 20w, https:\/\/flavorsandsenses.com\/wp-content\/uploads\/2025\/03\/cavalaricaevora23-26-144x96.jpg 144w\" sizes=\"auto, (max-width: 1200px) 100vw, 1200px\" \/><\/a><figcaption id=\"caption-attachment-37551\" class=\"wp-caption-text\">raspberry sorbet with blueberries<\/figcaption><\/figure>\n<h3><strong>The Humanity of Service<\/strong><\/h3>\n<p>O servi\u00e7o merece cap\u00edtulo pr\u00f3prio. <strong>N\u00e3o foi apenas eficiente<\/strong>, numa noite de servi\u00e7o calmo,<strong> foi humano<\/strong>. A equipa move-se com prop\u00f3sito e calor, antecipando necessidades e propondo solu\u00e7\u00f5es. Algo vis\u00edvel sobretudo quando nos sentamos com uma crian\u00e7a \u00e0 mesa, \u00e0 qual deram uma aten\u00e7\u00e3o que foi al\u00e9m do protocolo &#8211; genu\u00edna, quase familiar. Num mundo em que muitos restaurantes <strong>se esquecem de que hospitalidade n\u00e3o \u00e9 sobre servir pessoas ou paladares<\/strong>, a equipa do Cavalari\u00e7a lembrou-nos porque sa\u00edmos de casa para jantar.<\/p>\n<p>Service deserves its own chapter. <strong>It was not just efficient<\/strong> on a quiet service night; <strong>it was human<\/strong>. The team moves with purpose and warmth, anticipating needs and proposing solutions. Something particularly touching when dining with a child at the table, to whom they gave attention that went beyond protocol \u2013 genuine, almost familiar. In a world where many restaurants <strong>forget that hospitality is not about serving people or palates<\/strong>, the Cavalari\u00e7a team reminded us why we go out to dine.<\/p>\n<figure id=\"attachment_37559\" aria-describedby=\"caption-attachment-37559\" style=\"width: 1200px\" class=\"wp-caption alignleft\"><a href=\"https:\/\/flavorsandsenses.com\/wp-content\/uploads\/2025\/03\/cavalaricaevora23-30.jpg\" rel=\"mfp\"><img loading=\"lazy\" decoding=\"async\" class=\"size-full wp-image-37559\" src=\"https:\/\/flavorsandsenses.com\/wp-content\/uploads\/2025\/03\/cavalaricaevora23-30.jpg\" alt=\"\" width=\"1200\" height=\"1590\" srcset=\"https:\/\/flavorsandsenses.com\/wp-content\/uploads\/2025\/03\/cavalaricaevora23-30.jpg 1200w, https:\/\/flavorsandsenses.com\/wp-content\/uploads\/2025\/03\/cavalaricaevora23-30-226x300.jpg 226w, https:\/\/flavorsandsenses.com\/wp-content\/uploads\/2025\/03\/cavalaricaevora23-30-773x1024.jpg 773w, https:\/\/flavorsandsenses.com\/wp-content\/uploads\/2025\/03\/cavalaricaevora23-30-768x1018.jpg 768w, https:\/\/flavorsandsenses.com\/wp-content\/uploads\/2025\/03\/cavalaricaevora23-30-1159x1536.jpg 1159w, https:\/\/flavorsandsenses.com\/wp-content\/uploads\/2025\/03\/cavalaricaevora23-30-450x596.jpg 450w, https:\/\/flavorsandsenses.com\/wp-content\/uploads\/2025\/03\/cavalaricaevora23-30-20x27.jpg 20w, https:\/\/flavorsandsenses.com\/wp-content\/uploads\/2025\/03\/cavalaricaevora23-30-225x298.jpg 225w, https:\/\/flavorsandsenses.com\/wp-content\/uploads\/2025\/03\/cavalaricaevora23-30-900x1193.jpg 900w, https:\/\/flavorsandsenses.com\/wp-content\/uploads\/2025\/03\/cavalaricaevora23-30-72x96.jpg 72w\" sizes=\"auto, (max-width: 1200px) 100vw, 1200px\" \/><\/a><figcaption id=\"caption-attachment-37559\" class=\"wp-caption-text\">Queijadas from \u00c9vora<\/figcaption><\/figure>\n<h3>Final Thoughts<\/h3>\n<p>Cavalari\u00e7a \u00c9vora is not just another restaurant in \u00c9vora. It is where Alentejo, with all its stubbornness and ancestral wisdom, <strong>converses with the modern world without losing its accent.<\/strong> We left that night under \u00c9vora&#8217;s starry sky, feeling like we had participated, not in a palace celebration, but in a demonstration of endless possibilities. <strong>A demonstration that tradition and innovation are not adversaries.<\/strong><\/p>\n<blockquote><p>The night I wrote this text, I discovered that Bruno Caseiro, one of the architects behind Cavalari\u00e7a, was leaving. <strong>Such are the stories of gastronomy \u2013 ephemeral as a dish that empties, permanent as the taste that lingers in memory.<\/strong> The recognition from the Michelin Guide Portugal arrives at this crossroads of times, a testament to the journey taken.<\/p><\/blockquote>\n<p>Now, with Catalina Viveros flying solo at the helm, Cavalari\u00e7a <strong>faces the most difficult challenge in gastronomy: continuity through change.<\/strong> We hope the group maintains the same trajectory of uniqueness and authenticity \u2013 that rare ability to honor tradition without becoming trapped by it, to dialogue with the world without losing its Alentejo accent, and to create both intimate and surprising dishes.<\/p>\n<!-- AddThis Advanced Settings generic via filter on the_content --><!-- AddThis Share Buttons generic via filter on the_content -->","protected":false},"excerpt":{"rendered":"<p>&nbsp; In the height of the Alentejo summer, with the sun gilding the plains and the warm breeze whispering ancient stories, we found ourselves in \u00c9vora, a &#8220;museum city&#8221; of cobbled streets and memories that echo in its whitewashed walls. Our holiday promised rest and gastronomic discoveries, and so, on a starry night with an&hellip;<!-- AddThis Advanced Settings generic via filter on get_the_excerpt --><!-- AddThis Share Buttons generic via filter on get_the_excerpt --><\/p>\n","protected":false},"author":3,"featured_media":37538,"comment_status":"open","ping_status":"open","sticky":false,"template":"","format":"standard","meta":{"footnotes":""},"categories":[2092,1986],"tags":[2760,2761,2762,2763,2764],"class_list":["post-37567","post","type-post","status-publish","format-standard","has-post-thumbnail","hentry","category-alentejo","category-casual","tag-alentejo-en","tag-bruno-caseiro-en","tag-catalina-viveros-en","tag-cavalarica-evora-en","tag-evora-en"],"yoast_head":"<!-- This site is optimized with the Yoast SEO plugin v26.4 - https:\/\/yoast.com\/wordpress\/plugins\/seo\/ -->\n<title>Cavalari\u00e7a \u00c9vora: Where Alentejo Whispers to The World - Flavors and Senses<\/title>\n<meta name=\"robots\" content=\"index, follow, max-snippet:-1, max-image-preview:large, max-video-preview:-1\" \/>\n<link rel=\"canonical\" href=\"https:\/\/flavorsandsenses.com\/en\/cavalarica-evora\/\" \/>\n<meta property=\"og:locale\" content=\"en_US\" \/>\n<meta property=\"og:type\" content=\"article\" \/>\n<meta property=\"og:title\" content=\"Cavalari\u00e7a \u00c9vora: Where Alentejo Whispers to The World - Flavors and Senses\" \/>\n<meta property=\"og:description\" content=\"&nbsp; In the height of the Alentejo summer, with the sun gilding the plains and the warm breeze whispering ancient stories, we found ourselves in \u00c9vora, a &#8220;museum city&#8221; of cobbled streets and memories that echo in its whitewashed walls. Our holiday promised rest and gastronomic discoveries, and so, on a starry night with an&hellip;\" \/>\n<meta property=\"og:url\" content=\"https:\/\/flavorsandsenses.com\/en\/cavalarica-evora\/\" \/>\n<meta property=\"og:site_name\" content=\"Flavors and Senses\" \/>\n<meta property=\"article:published_time\" content=\"2025-04-01T23:56:22+00:00\" \/>\n<meta property=\"article:modified_time\" content=\"2025-04-02T00:00:59+00:00\" \/>\n<meta property=\"og:image\" content=\"https:\/\/flavorsandsenses.com\/wp-content\/uploads\/2025\/03\/cavalaricaevora23-19.jpg\" \/>\n\t<meta property=\"og:image:width\" content=\"1200\" \/>\n\t<meta property=\"og:image:height\" content=\"822\" \/>\n\t<meta property=\"og:image:type\" content=\"image\/jpeg\" \/>\n<meta name=\"author\" content=\"Jo\u00e3o Oliveira\" \/>\n<meta name=\"twitter:card\" content=\"summary_large_image\" \/>\n<meta name=\"twitter:label1\" content=\"Written by\" \/>\n\t<meta name=\"twitter:data1\" content=\"Jo\u00e3o Oliveira\" \/>\n\t<meta name=\"twitter:label2\" content=\"Est. reading time\" \/>\n\t<meta name=\"twitter:data2\" content=\"12 minutes\" \/>\n<script type=\"application\/ld+json\" class=\"yoast-schema-graph\">{\"@context\":\"https:\/\/schema.org\",\"@graph\":[{\"@type\":\"Article\",\"@id\":\"https:\/\/flavorsandsenses.com\/en\/cavalarica-evora\/#article\",\"isPartOf\":{\"@id\":\"https:\/\/flavorsandsenses.com\/en\/cavalarica-evora\/\"},\"author\":{\"name\":\"Jo\u00e3o Oliveira\",\"@id\":\"https:\/\/flavorsandsenses.com\/en\/#\/schema\/person\/f8ab687cef9e51c99a29a1b976244517\"},\"headline\":\"Cavalari\u00e7a \u00c9vora: Where Alentejo Whispers to The World\",\"datePublished\":\"2025-04-01T23:56:22+00:00\",\"dateModified\":\"2025-04-02T00:00:59+00:00\",\"mainEntityOfPage\":{\"@id\":\"https:\/\/flavorsandsenses.com\/en\/cavalarica-evora\/\"},\"wordCount\":1634,\"commentCount\":0,\"publisher\":{\"@id\":\"https:\/\/flavorsandsenses.com\/en\/#organization\"},\"image\":{\"@id\":\"https:\/\/flavorsandsenses.com\/en\/cavalarica-evora\/#primaryimage\"},\"thumbnailUrl\":\"https:\/\/flavorsandsenses.com\/wp-content\/uploads\/2025\/03\/cavalaricaevora23-19.jpg\",\"keywords\":[\"alentejo\",\"Bruno caseiro\",\"Catalina viveros\",\"cavalari\u00e7a \u00c9vora\",\"\u00e9vora\"],\"articleSection\":[\"Alentejo\",\"Casual\"],\"inLanguage\":\"en-US\",\"potentialAction\":[{\"@type\":\"CommentAction\",\"name\":\"Comment\",\"target\":[\"https:\/\/flavorsandsenses.com\/en\/cavalarica-evora\/#respond\"]}]},{\"@type\":\"WebPage\",\"@id\":\"https:\/\/flavorsandsenses.com\/en\/cavalarica-evora\/\",\"url\":\"https:\/\/flavorsandsenses.com\/en\/cavalarica-evora\/\",\"name\":\"Cavalari\u00e7a \u00c9vora: Where Alentejo Whispers to The World - Flavors and Senses\",\"isPartOf\":{\"@id\":\"https:\/\/flavorsandsenses.com\/en\/#website\"},\"primaryImageOfPage\":{\"@id\":\"https:\/\/flavorsandsenses.com\/en\/cavalarica-evora\/#primaryimage\"},\"image\":{\"@id\":\"https:\/\/flavorsandsenses.com\/en\/cavalarica-evora\/#primaryimage\"},\"thumbnailUrl\":\"https:\/\/flavorsandsenses.com\/wp-content\/uploads\/2025\/03\/cavalaricaevora23-19.jpg\",\"datePublished\":\"2025-04-01T23:56:22+00:00\",\"dateModified\":\"2025-04-02T00:00:59+00:00\",\"breadcrumb\":{\"@id\":\"https:\/\/flavorsandsenses.com\/en\/cavalarica-evora\/#breadcrumb\"},\"inLanguage\":\"en-US\",\"potentialAction\":[{\"@type\":\"ReadAction\",\"target\":[\"https:\/\/flavorsandsenses.com\/en\/cavalarica-evora\/\"]}]},{\"@type\":\"ImageObject\",\"inLanguage\":\"en-US\",\"@id\":\"https:\/\/flavorsandsenses.com\/en\/cavalarica-evora\/#primaryimage\",\"url\":\"https:\/\/flavorsandsenses.com\/wp-content\/uploads\/2025\/03\/cavalaricaevora23-19.jpg\",\"contentUrl\":\"https:\/\/flavorsandsenses.com\/wp-content\/uploads\/2025\/03\/cavalaricaevora23-19.jpg\",\"width\":1200,\"height\":822,\"caption\":\"lula salteada\"},{\"@type\":\"BreadcrumbList\",\"@id\":\"https:\/\/flavorsandsenses.com\/en\/cavalarica-evora\/#breadcrumb\",\"itemListElement\":[{\"@type\":\"ListItem\",\"position\":1,\"name\":\"In\u00edcio\",\"item\":\"https:\/\/flavorsandsenses.com\/en\/\"},{\"@type\":\"ListItem\",\"position\":2,\"name\":\"Cavalari\u00e7a \u00c9vora: Where Alentejo Whispers to The World\"}]},{\"@type\":\"WebSite\",\"@id\":\"https:\/\/flavorsandsenses.com\/en\/#website\",\"url\":\"https:\/\/flavorsandsenses.com\/en\/\",\"name\":\"Flavors and Senses\",\"description\":\"Sabores com sentido.\",\"publisher\":{\"@id\":\"https:\/\/flavorsandsenses.com\/en\/#organization\"},\"potentialAction\":[{\"@type\":\"SearchAction\",\"target\":{\"@type\":\"EntryPoint\",\"urlTemplate\":\"https:\/\/flavorsandsenses.com\/en\/?s={search_term_string}\"},\"query-input\":{\"@type\":\"PropertyValueSpecification\",\"valueRequired\":true,\"valueName\":\"search_term_string\"}}],\"inLanguage\":\"en-US\"},{\"@type\":\"Organization\",\"@id\":\"https:\/\/flavorsandsenses.com\/en\/#organization\",\"name\":\"Flavors and Senses\",\"url\":\"https:\/\/flavorsandsenses.com\/en\/\",\"logo\":{\"@type\":\"ImageObject\",\"inLanguage\":\"en-US\",\"@id\":\"https:\/\/flavorsandsenses.com\/en\/#\/schema\/logo\/image\/\",\"url\":\"https:\/\/flavorsandsenses.com\/wp-content\/uploads\/2019\/01\/logo_flavors_senses-2.png\",\"contentUrl\":\"https:\/\/flavorsandsenses.com\/wp-content\/uploads\/2019\/01\/logo_flavors_senses-2.png\",\"width\":482,\"height\":140,\"caption\":\"Flavors and Senses\"},\"image\":{\"@id\":\"https:\/\/flavorsandsenses.com\/en\/#\/schema\/logo\/image\/\"}},{\"@type\":\"Person\",\"@id\":\"https:\/\/flavorsandsenses.com\/en\/#\/schema\/person\/f8ab687cef9e51c99a29a1b976244517\",\"name\":\"Jo\u00e3o Oliveira\",\"image\":{\"@type\":\"ImageObject\",\"inLanguage\":\"en-US\",\"@id\":\"https:\/\/flavorsandsenses.com\/en\/#\/schema\/person\/image\/\",\"url\":\"https:\/\/secure.gravatar.com\/avatar\/678855cb9640d0170494c5a049f19afa666a36a2f5a2d254661cf1e61a6bda4f?s=96&d=mm&r=g\",\"contentUrl\":\"https:\/\/secure.gravatar.com\/avatar\/678855cb9640d0170494c5a049f19afa666a36a2f5a2d254661cf1e61a6bda4f?s=96&d=mm&r=g\",\"caption\":\"Jo\u00e3o Oliveira\"},\"url\":\"https:\/\/flavorsandsenses.com\/en\/author\/joao-oliveira\/\"}]}<\/script>\n<!-- \/ Yoast SEO plugin. -->","yoast_head_json":{"title":"Cavalari\u00e7a \u00c9vora: Where Alentejo Whispers to The World - Flavors and Senses","robots":{"index":"index","follow":"follow","max-snippet":"max-snippet:-1","max-image-preview":"max-image-preview:large","max-video-preview":"max-video-preview:-1"},"canonical":"https:\/\/flavorsandsenses.com\/en\/cavalarica-evora\/","og_locale":"en_US","og_type":"article","og_title":"Cavalari\u00e7a \u00c9vora: Where Alentejo Whispers to The World - Flavors and Senses","og_description":"&nbsp; In the height of the Alentejo summer, with the sun gilding the plains and the warm breeze whispering ancient stories, we found ourselves in \u00c9vora, a &#8220;museum city&#8221; of cobbled streets and memories that echo in its whitewashed walls. Our holiday promised rest and gastronomic discoveries, and so, on a starry night with an&hellip;","og_url":"https:\/\/flavorsandsenses.com\/en\/cavalarica-evora\/","og_site_name":"Flavors and Senses","article_published_time":"2025-04-01T23:56:22+00:00","article_modified_time":"2025-04-02T00:00:59+00:00","og_image":[{"width":1200,"height":822,"url":"https:\/\/flavorsandsenses.com\/wp-content\/uploads\/2025\/03\/cavalaricaevora23-19.jpg","type":"image\/jpeg"}],"author":"Jo\u00e3o Oliveira","twitter_card":"summary_large_image","twitter_misc":{"Written by":"Jo\u00e3o Oliveira","Est. reading time":"12 minutes"},"schema":{"@context":"https:\/\/schema.org","@graph":[{"@type":"Article","@id":"https:\/\/flavorsandsenses.com\/en\/cavalarica-evora\/#article","isPartOf":{"@id":"https:\/\/flavorsandsenses.com\/en\/cavalarica-evora\/"},"author":{"name":"Jo\u00e3o Oliveira","@id":"https:\/\/flavorsandsenses.com\/en\/#\/schema\/person\/f8ab687cef9e51c99a29a1b976244517"},"headline":"Cavalari\u00e7a \u00c9vora: Where Alentejo Whispers to The World","datePublished":"2025-04-01T23:56:22+00:00","dateModified":"2025-04-02T00:00:59+00:00","mainEntityOfPage":{"@id":"https:\/\/flavorsandsenses.com\/en\/cavalarica-evora\/"},"wordCount":1634,"commentCount":0,"publisher":{"@id":"https:\/\/flavorsandsenses.com\/en\/#organization"},"image":{"@id":"https:\/\/flavorsandsenses.com\/en\/cavalarica-evora\/#primaryimage"},"thumbnailUrl":"https:\/\/flavorsandsenses.com\/wp-content\/uploads\/2025\/03\/cavalaricaevora23-19.jpg","keywords":["alentejo","Bruno caseiro","Catalina viveros","cavalari\u00e7a \u00c9vora","\u00e9vora"],"articleSection":["Alentejo","Casual"],"inLanguage":"en-US","potentialAction":[{"@type":"CommentAction","name":"Comment","target":["https:\/\/flavorsandsenses.com\/en\/cavalarica-evora\/#respond"]}]},{"@type":"WebPage","@id":"https:\/\/flavorsandsenses.com\/en\/cavalarica-evora\/","url":"https:\/\/flavorsandsenses.com\/en\/cavalarica-evora\/","name":"Cavalari\u00e7a \u00c9vora: Where Alentejo Whispers to The World - Flavors and Senses","isPartOf":{"@id":"https:\/\/flavorsandsenses.com\/en\/#website"},"primaryImageOfPage":{"@id":"https:\/\/flavorsandsenses.com\/en\/cavalarica-evora\/#primaryimage"},"image":{"@id":"https:\/\/flavorsandsenses.com\/en\/cavalarica-evora\/#primaryimage"},"thumbnailUrl":"https:\/\/flavorsandsenses.com\/wp-content\/uploads\/2025\/03\/cavalaricaevora23-19.jpg","datePublished":"2025-04-01T23:56:22+00:00","dateModified":"2025-04-02T00:00:59+00:00","breadcrumb":{"@id":"https:\/\/flavorsandsenses.com\/en\/cavalarica-evora\/#breadcrumb"},"inLanguage":"en-US","potentialAction":[{"@type":"ReadAction","target":["https:\/\/flavorsandsenses.com\/en\/cavalarica-evora\/"]}]},{"@type":"ImageObject","inLanguage":"en-US","@id":"https:\/\/flavorsandsenses.com\/en\/cavalarica-evora\/#primaryimage","url":"https:\/\/flavorsandsenses.com\/wp-content\/uploads\/2025\/03\/cavalaricaevora23-19.jpg","contentUrl":"https:\/\/flavorsandsenses.com\/wp-content\/uploads\/2025\/03\/cavalaricaevora23-19.jpg","width":1200,"height":822,"caption":"lula salteada"},{"@type":"BreadcrumbList","@id":"https:\/\/flavorsandsenses.com\/en\/cavalarica-evora\/#breadcrumb","itemListElement":[{"@type":"ListItem","position":1,"name":"In\u00edcio","item":"https:\/\/flavorsandsenses.com\/en\/"},{"@type":"ListItem","position":2,"name":"Cavalari\u00e7a \u00c9vora: Where Alentejo Whispers to The World"}]},{"@type":"WebSite","@id":"https:\/\/flavorsandsenses.com\/en\/#website","url":"https:\/\/flavorsandsenses.com\/en\/","name":"Flavors and Senses","description":"Sabores com sentido.","publisher":{"@id":"https:\/\/flavorsandsenses.com\/en\/#organization"},"potentialAction":[{"@type":"SearchAction","target":{"@type":"EntryPoint","urlTemplate":"https:\/\/flavorsandsenses.com\/en\/?s={search_term_string}"},"query-input":{"@type":"PropertyValueSpecification","valueRequired":true,"valueName":"search_term_string"}}],"inLanguage":"en-US"},{"@type":"Organization","@id":"https:\/\/flavorsandsenses.com\/en\/#organization","name":"Flavors and Senses","url":"https:\/\/flavorsandsenses.com\/en\/","logo":{"@type":"ImageObject","inLanguage":"en-US","@id":"https:\/\/flavorsandsenses.com\/en\/#\/schema\/logo\/image\/","url":"https:\/\/flavorsandsenses.com\/wp-content\/uploads\/2019\/01\/logo_flavors_senses-2.png","contentUrl":"https:\/\/flavorsandsenses.com\/wp-content\/uploads\/2019\/01\/logo_flavors_senses-2.png","width":482,"height":140,"caption":"Flavors and Senses"},"image":{"@id":"https:\/\/flavorsandsenses.com\/en\/#\/schema\/logo\/image\/"}},{"@type":"Person","@id":"https:\/\/flavorsandsenses.com\/en\/#\/schema\/person\/f8ab687cef9e51c99a29a1b976244517","name":"Jo\u00e3o Oliveira","image":{"@type":"ImageObject","inLanguage":"en-US","@id":"https:\/\/flavorsandsenses.com\/en\/#\/schema\/person\/image\/","url":"https:\/\/secure.gravatar.com\/avatar\/678855cb9640d0170494c5a049f19afa666a36a2f5a2d254661cf1e61a6bda4f?s=96&d=mm&r=g","contentUrl":"https:\/\/secure.gravatar.com\/avatar\/678855cb9640d0170494c5a049f19afa666a36a2f5a2d254661cf1e61a6bda4f?s=96&d=mm&r=g","caption":"Jo\u00e3o Oliveira"},"url":"https:\/\/flavorsandsenses.com\/en\/author\/joao-oliveira\/"}]}},"_links":{"self":[{"href":"https:\/\/flavorsandsenses.com\/en\/wp-json\/wp\/v2\/posts\/37567","targetHints":{"allow":["GET"]}}],"collection":[{"href":"https:\/\/flavorsandsenses.com\/en\/wp-json\/wp\/v2\/posts"}],"about":[{"href":"https:\/\/flavorsandsenses.com\/en\/wp-json\/wp\/v2\/types\/post"}],"author":[{"embeddable":true,"href":"https:\/\/flavorsandsenses.com\/en\/wp-json\/wp\/v2\/users\/3"}],"replies":[{"embeddable":true,"href":"https:\/\/flavorsandsenses.com\/en\/wp-json\/wp\/v2\/comments?post=37567"}],"version-history":[{"count":3,"href":"https:\/\/flavorsandsenses.com\/en\/wp-json\/wp\/v2\/posts\/37567\/revisions"}],"predecessor-version":[{"id":37571,"href":"https:\/\/flavorsandsenses.com\/en\/wp-json\/wp\/v2\/posts\/37567\/revisions\/37571"}],"wp:featuredmedia":[{"embeddable":true,"href":"https:\/\/flavorsandsenses.com\/en\/wp-json\/wp\/v2\/media\/37538"}],"wp:attachment":[{"href":"https:\/\/flavorsandsenses.com\/en\/wp-json\/wp\/v2\/media?parent=37567"}],"wp:term":[{"taxonomy":"category","embeddable":true,"href":"https:\/\/flavorsandsenses.com\/en\/wp-json\/wp\/v2\/categories?post=37567"},{"taxonomy":"post_tag","embeddable":true,"href":"https:\/\/flavorsandsenses.com\/en\/wp-json\/wp\/v2\/tags?post=37567"}],"curies":[{"name":"wp","href":"https:\/\/api.w.org\/{rel}","templated":true}]}}