{"id":29835,"date":"2020-02-11T12:05:14","date_gmt":"2020-02-11T12:05:14","guid":{"rendered":"https:\/\/flavorsandsenses.com\/?p=29835"},"modified":"2020-02-11T12:05:14","modified_gmt":"2020-02-11T12:05:14","slug":"assiette-champenoise-arnaud-lallement","status":"publish","type":"post","link":"https:\/\/flavorsandsenses.com\/en\/assiette-champenoise-arnaud-lallement\/","title":{"rendered":"Assiette Champenoise &#8211; Arnaud Lallement"},"content":{"rendered":"<p><a href=\"https:\/\/flavorsandsenses.com\/wp-content\/uploads\/2020\/02\/lassiette-43.jpg\" rel=\"mfp\"><img loading=\"lazy\" decoding=\"async\" class=\"alignnone size-full wp-image-29798\" src=\"https:\/\/flavorsandsenses.com\/wp-content\/uploads\/2020\/02\/lassiette-43.jpg\" alt=\"\" width=\"1200\" height=\"800\" srcset=\"https:\/\/flavorsandsenses.com\/wp-content\/uploads\/2020\/02\/lassiette-43.jpg 1200w, https:\/\/flavorsandsenses.com\/wp-content\/uploads\/2020\/02\/lassiette-43-300x200.jpg 300w, https:\/\/flavorsandsenses.com\/wp-content\/uploads\/2020\/02\/lassiette-43-768x512.jpg 768w, https:\/\/flavorsandsenses.com\/wp-content\/uploads\/2020\/02\/lassiette-43-1024x683.jpg 1024w, https:\/\/flavorsandsenses.com\/wp-content\/uploads\/2020\/02\/lassiette-43-450x300.jpg 450w, https:\/\/flavorsandsenses.com\/wp-content\/uploads\/2020\/02\/lassiette-43-225x150.jpg 225w, https:\/\/flavorsandsenses.com\/wp-content\/uploads\/2020\/02\/lassiette-43-900x600.jpg 900w, https:\/\/flavorsandsenses.com\/wp-content\/uploads\/2020\/02\/lassiette-43-20x13.jpg 20w, https:\/\/flavorsandsenses.com\/wp-content\/uploads\/2020\/02\/lassiette-43-144x96.jpg 144w\" sizes=\"auto, (max-width: 1200px) 100vw, 1200px\" \/><\/a><\/p>\n<p style=\"text-align: left;\">At the gates of Reims, in the heart of Champagne, we found the\u00a0<em>L&#8217;Assiette Champenoise<\/em>, a classic French hotel-restaurant, open for more than 40 years, nowadays in the hands of the second generation of the\u00a0<em>Lallement\u00a0<\/em>family.<\/p>\n<p style=\"text-align: left;\"><em>Arnaud Lallement<\/em>\u00a0early traced his future, without any family pressures, from an early age he knew he would become a cook, growing up inside all the magic of a kitchen. He studied, graduated and before joining his fathers brigade, he made sure to learn with some of the main names of the French cuisine of that time,\u00a0<em>Roger Verg\u00e9<\/em>, <em>Michel Gu\u00e9rard<\/em>\u00a0and\u00a0<em>Alain Chapel &#8211; no big deal<\/em>!<\/p>\n<p><a href=\"https:\/\/flavorsandsenses.com\/wp-content\/uploads\/2020\/02\/lassiette-44.jpg\" rel=\"mfp\"><img loading=\"lazy\" decoding=\"async\" class=\"alignnone size-full wp-image-29800 alignleft\" src=\"https:\/\/flavorsandsenses.com\/wp-content\/uploads\/2020\/02\/lassiette-44.jpg\" alt=\"\" width=\"1200\" height=\"800\" srcset=\"https:\/\/flavorsandsenses.com\/wp-content\/uploads\/2020\/02\/lassiette-44.jpg 1200w, https:\/\/flavorsandsenses.com\/wp-content\/uploads\/2020\/02\/lassiette-44-300x200.jpg 300w, https:\/\/flavorsandsenses.com\/wp-content\/uploads\/2020\/02\/lassiette-44-768x512.jpg 768w, https:\/\/flavorsandsenses.com\/wp-content\/uploads\/2020\/02\/lassiette-44-1024x683.jpg 1024w, https:\/\/flavorsandsenses.com\/wp-content\/uploads\/2020\/02\/lassiette-44-450x300.jpg 450w, https:\/\/flavorsandsenses.com\/wp-content\/uploads\/2020\/02\/lassiette-44-225x150.jpg 225w, https:\/\/flavorsandsenses.com\/wp-content\/uploads\/2020\/02\/lassiette-44-900x600.jpg 900w, https:\/\/flavorsandsenses.com\/wp-content\/uploads\/2020\/02\/lassiette-44-20x13.jpg 20w, https:\/\/flavorsandsenses.com\/wp-content\/uploads\/2020\/02\/lassiette-44-144x96.jpg 144w\" sizes=\"auto, (max-width: 1200px) 100vw, 1200px\" \/><\/a>The stars kept coming since 2001 when he fully assumed the leadership of the restaurant, up to 2014, the year he got the so desired third star of the red guide. Arnauld, on his hand, doesn&#8217;t wear the title of star-chef at all, it&#8217;s easier to find him in the kitchen or in the middle of a champagne vineyard, than in books, tv or magazines. He feels the best in his kitchen, with his clients, and that&#8217;s what you expect from a starred chef&#8230;<\/p>\n<p><a href=\"https:\/\/flavorsandsenses.com\/wp-content\/uploads\/2020\/02\/lassiette-51.jpg\" rel=\"mfp\"><img loading=\"lazy\" decoding=\"async\" class=\"size-full wp-image-29814\" src=\"https:\/\/flavorsandsenses.com\/wp-content\/uploads\/2020\/02\/lassiette-51.jpg\" alt=\"A mesa preparada para o nosso jantar\" width=\"1200\" height=\"800\" srcset=\"https:\/\/flavorsandsenses.com\/wp-content\/uploads\/2020\/02\/lassiette-51.jpg 1200w, https:\/\/flavorsandsenses.com\/wp-content\/uploads\/2020\/02\/lassiette-51-300x200.jpg 300w, https:\/\/flavorsandsenses.com\/wp-content\/uploads\/2020\/02\/lassiette-51-768x512.jpg 768w, https:\/\/flavorsandsenses.com\/wp-content\/uploads\/2020\/02\/lassiette-51-1024x683.jpg 1024w, https:\/\/flavorsandsenses.com\/wp-content\/uploads\/2020\/02\/lassiette-51-450x300.jpg 450w, https:\/\/flavorsandsenses.com\/wp-content\/uploads\/2020\/02\/lassiette-51-225x150.jpg 225w, https:\/\/flavorsandsenses.com\/wp-content\/uploads\/2020\/02\/lassiette-51-900x600.jpg 900w, https:\/\/flavorsandsenses.com\/wp-content\/uploads\/2020\/02\/lassiette-51-20x13.jpg 20w, https:\/\/flavorsandsenses.com\/wp-content\/uploads\/2020\/02\/lassiette-51-144x96.jpg 144w\" sizes=\"auto, (max-width: 1200px) 100vw, 1200px\" \/><\/a><\/p>\n<p>But on with our experience, after being surprised by the modern decoration and the quality of the bedrooms (see <a href=\"http:\/\/www.flavorsandsenses.com\/en\/assiette-champenoise\/\">here<\/a>), it was the time to be surprised by the restaurant, at the arrival we are surprised by an entire service brigade, accompanying us to our table, like in a state ceremony, but always with sympathy, smiles and kindness, that many times is a miss in the classic French service.<\/p>\n<p><a href=\"https:\/\/flavorsandsenses.com\/wp-content\/uploads\/2020\/02\/lassiette-52.jpg\" rel=\"mfp\"><img loading=\"lazy\" decoding=\"async\" class=\"alignnone size-full wp-image-29816\" src=\"https:\/\/flavorsandsenses.com\/wp-content\/uploads\/2020\/02\/lassiette-52.jpg\" alt=\"\" width=\"1200\" height=\"1800\" srcset=\"https:\/\/flavorsandsenses.com\/wp-content\/uploads\/2020\/02\/lassiette-52.jpg 1200w, https:\/\/flavorsandsenses.com\/wp-content\/uploads\/2020\/02\/lassiette-52-200x300.jpg 200w, https:\/\/flavorsandsenses.com\/wp-content\/uploads\/2020\/02\/lassiette-52-768x1152.jpg 768w, https:\/\/flavorsandsenses.com\/wp-content\/uploads\/2020\/02\/lassiette-52-683x1024.jpg 683w, https:\/\/flavorsandsenses.com\/wp-content\/uploads\/2020\/02\/lassiette-52-450x675.jpg 450w, https:\/\/flavorsandsenses.com\/wp-content\/uploads\/2020\/02\/lassiette-52-225x338.jpg 225w, https:\/\/flavorsandsenses.com\/wp-content\/uploads\/2020\/02\/lassiette-52-900x1350.jpg 900w, https:\/\/flavorsandsenses.com\/wp-content\/uploads\/2020\/02\/lassiette-52-20x30.jpg 20w, https:\/\/flavorsandsenses.com\/wp-content\/uploads\/2020\/02\/lassiette-52-64x96.jpg 64w\" sizes=\"auto, (max-width: 1200px) 100vw, 1200px\" \/><\/a><\/p>\n<p style=\"text-align: left;\">Immaculate tables, noble materials, a room full of details and a classic Baccarat chandelier, contrasting with the more modern details of the decoration.<\/p>\n<p style=\"text-align: left;\">After installed, the show starts right away, first with the champagne,\u00a0<em>Caillez-Lemaire Caillez Reflets Brut <\/em> &#8211; elegant and well-balanced to start the tasting. And secondly, for a series of small snacks arriving at the table.<\/p>\n<p><a href=\"https:\/\/flavorsandsenses.com\/wp-content\/uploads\/2020\/02\/lassiette-13.jpg\" rel=\"mfp\"><img loading=\"lazy\" decoding=\"async\" class=\"alignnone size-full wp-image-29738\" src=\"https:\/\/flavorsandsenses.com\/wp-content\/uploads\/2020\/02\/lassiette-13.jpg\" alt=\"\" width=\"1200\" height=\"800\" srcset=\"https:\/\/flavorsandsenses.com\/wp-content\/uploads\/2020\/02\/lassiette-13.jpg 1200w, https:\/\/flavorsandsenses.com\/wp-content\/uploads\/2020\/02\/lassiette-13-300x200.jpg 300w, https:\/\/flavorsandsenses.com\/wp-content\/uploads\/2020\/02\/lassiette-13-768x512.jpg 768w, https:\/\/flavorsandsenses.com\/wp-content\/uploads\/2020\/02\/lassiette-13-1024x683.jpg 1024w, https:\/\/flavorsandsenses.com\/wp-content\/uploads\/2020\/02\/lassiette-13-450x300.jpg 450w, https:\/\/flavorsandsenses.com\/wp-content\/uploads\/2020\/02\/lassiette-13-225x150.jpg 225w, https:\/\/flavorsandsenses.com\/wp-content\/uploads\/2020\/02\/lassiette-13-900x600.jpg 900w, https:\/\/flavorsandsenses.com\/wp-content\/uploads\/2020\/02\/lassiette-13-20x13.jpg 20w, https:\/\/flavorsandsenses.com\/wp-content\/uploads\/2020\/02\/lassiette-13-144x96.jpg 144w\" sizes=\"auto, (max-width: 1200px) 100vw, 1200px\" \/><\/a>Crunchy leaves, small tartlets, falafels, beetroot mousse, among others. All very well accomplished, showcasing the technical accuracy and quality of the produce, however, not surprising!<\/p>\n<p><a href=\"https:\/\/flavorsandsenses.com\/wp-content\/uploads\/2020\/02\/lassiette-12.jpg\" rel=\"mfp\"><img loading=\"lazy\" decoding=\"async\" class=\"alignnone size-full wp-image-29736\" src=\"https:\/\/flavorsandsenses.com\/wp-content\/uploads\/2020\/02\/lassiette-12.jpg\" alt=\"\" width=\"1200\" height=\"800\" srcset=\"https:\/\/flavorsandsenses.com\/wp-content\/uploads\/2020\/02\/lassiette-12.jpg 1200w, https:\/\/flavorsandsenses.com\/wp-content\/uploads\/2020\/02\/lassiette-12-300x200.jpg 300w, https:\/\/flavorsandsenses.com\/wp-content\/uploads\/2020\/02\/lassiette-12-768x512.jpg 768w, https:\/\/flavorsandsenses.com\/wp-content\/uploads\/2020\/02\/lassiette-12-1024x683.jpg 1024w, https:\/\/flavorsandsenses.com\/wp-content\/uploads\/2020\/02\/lassiette-12-450x300.jpg 450w, https:\/\/flavorsandsenses.com\/wp-content\/uploads\/2020\/02\/lassiette-12-225x150.jpg 225w, https:\/\/flavorsandsenses.com\/wp-content\/uploads\/2020\/02\/lassiette-12-900x600.jpg 900w, https:\/\/flavorsandsenses.com\/wp-content\/uploads\/2020\/02\/lassiette-12-20x13.jpg 20w, https:\/\/flavorsandsenses.com\/wp-content\/uploads\/2020\/02\/lassiette-12-144x96.jpg 144w\" sizes=\"auto, (max-width: 1200px) 100vw, 1200px\" \/><\/a>But the surprise was soon to arrive, artisanal bread, prepared with beer and semi-salted Finistere butter, from Brittany. So good, I couldn&#8217;t stop eating it along with the entire meal.<\/p>\n<p><a href=\"https:\/\/flavorsandsenses.com\/wp-content\/uploads\/2020\/02\/lassiette-14.jpg\" rel=\"mfp\"><img loading=\"lazy\" decoding=\"async\" class=\"alignnone size-full wp-image-29740\" src=\"https:\/\/flavorsandsenses.com\/wp-content\/uploads\/2020\/02\/lassiette-14.jpg\" alt=\"\" width=\"1200\" height=\"800\" srcset=\"https:\/\/flavorsandsenses.com\/wp-content\/uploads\/2020\/02\/lassiette-14.jpg 1200w, https:\/\/flavorsandsenses.com\/wp-content\/uploads\/2020\/02\/lassiette-14-300x200.jpg 300w, https:\/\/flavorsandsenses.com\/wp-content\/uploads\/2020\/02\/lassiette-14-768x512.jpg 768w, https:\/\/flavorsandsenses.com\/wp-content\/uploads\/2020\/02\/lassiette-14-1024x683.jpg 1024w, https:\/\/flavorsandsenses.com\/wp-content\/uploads\/2020\/02\/lassiette-14-450x300.jpg 450w, https:\/\/flavorsandsenses.com\/wp-content\/uploads\/2020\/02\/lassiette-14-225x150.jpg 225w, https:\/\/flavorsandsenses.com\/wp-content\/uploads\/2020\/02\/lassiette-14-900x600.jpg 900w, https:\/\/flavorsandsenses.com\/wp-content\/uploads\/2020\/02\/lassiette-14-20x13.jpg 20w, https:\/\/flavorsandsenses.com\/wp-content\/uploads\/2020\/02\/lassiette-14-144x96.jpg 144w\" sizes=\"auto, (max-width: 1200px) 100vw, 1200px\" \/><\/a><strong>The tradition<\/strong>\u00a0&#8211; <em>Pot\u00e9e Champenoise<\/em><br \/>\nThe pot\u00e9e champenoise is for this region, what the &#8220;cozido&#8221; is for us Portuguese, a nice stew of pork meats, potato and vegetables. Here Arnauld opens the meal with a homage to his homeland, in a super high standard dish. Pork, cabbage and carrot as the rules dictate, a flawless broth and full of flavour, transformed into an immaculate consom\u00e9, a crunch detail. All perfect and comforting, with the pickle and mustard notes bringing a vibrant lightness to the dish. A great start!<\/p>\n<p><a href=\"https:\/\/flavorsandsenses.com\/wp-content\/uploads\/2020\/02\/lassiette-15.jpg\" rel=\"mfp\"><img loading=\"lazy\" decoding=\"async\" class=\"alignnone size-full wp-image-29742\" src=\"https:\/\/flavorsandsenses.com\/wp-content\/uploads\/2020\/02\/lassiette-15.jpg\" alt=\"\" width=\"1200\" height=\"800\" srcset=\"https:\/\/flavorsandsenses.com\/wp-content\/uploads\/2020\/02\/lassiette-15.jpg 1200w, https:\/\/flavorsandsenses.com\/wp-content\/uploads\/2020\/02\/lassiette-15-300x200.jpg 300w, https:\/\/flavorsandsenses.com\/wp-content\/uploads\/2020\/02\/lassiette-15-768x512.jpg 768w, https:\/\/flavorsandsenses.com\/wp-content\/uploads\/2020\/02\/lassiette-15-1024x683.jpg 1024w, https:\/\/flavorsandsenses.com\/wp-content\/uploads\/2020\/02\/lassiette-15-450x300.jpg 450w, https:\/\/flavorsandsenses.com\/wp-content\/uploads\/2020\/02\/lassiette-15-225x150.jpg 225w, https:\/\/flavorsandsenses.com\/wp-content\/uploads\/2020\/02\/lassiette-15-900x600.jpg 900w, https:\/\/flavorsandsenses.com\/wp-content\/uploads\/2020\/02\/lassiette-15-20x13.jpg 20w, https:\/\/flavorsandsenses.com\/wp-content\/uploads\/2020\/02\/lassiette-15-144x96.jpg 144w\" sizes=\"auto, (max-width: 1200px) 100vw, 1200px\" \/><\/a><\/p>\n<p style=\"text-align: left;\"><strong>Scallops and endives\u00a0<\/strong><br \/>\nThese days, scallops are almost mandatory in every restaurant, unfortunately with the majority of them lacking quality! Not the case here though, big, fresh and perfectly cooked, accompanied by the earthy notes of the roasted endives with a crust of spices and paprika tiles. The connecting elements of the dish were a nice scallop mousse and an elegant champagne white wine sauce.\u00a0 A dish of contrasts, flavour and textures, where France seems to have drunk a bit of inspiration from Morocco.<\/p>\n<p style=\"text-align: left;\">Harmonizing was a\u00a0<em>Julien Chopin Blanc de Blancs 2012 Premier Cru Les Originelles<\/em>, with classic aromatic notes of chardonnay champagne, nice acidity, and a great combination with the notes of the dish.<\/p>\n<p><a href=\"https:\/\/flavorsandsenses.com\/wp-content\/uploads\/2020\/02\/lassiette-16.jpg\" rel=\"mfp\"><img loading=\"lazy\" decoding=\"async\" class=\"alignnone size-full wp-image-29744\" src=\"https:\/\/flavorsandsenses.com\/wp-content\/uploads\/2020\/02\/lassiette-16.jpg\" alt=\"\" width=\"1200\" height=\"800\" srcset=\"https:\/\/flavorsandsenses.com\/wp-content\/uploads\/2020\/02\/lassiette-16.jpg 1200w, https:\/\/flavorsandsenses.com\/wp-content\/uploads\/2020\/02\/lassiette-16-300x200.jpg 300w, https:\/\/flavorsandsenses.com\/wp-content\/uploads\/2020\/02\/lassiette-16-768x512.jpg 768w, https:\/\/flavorsandsenses.com\/wp-content\/uploads\/2020\/02\/lassiette-16-1024x683.jpg 1024w, https:\/\/flavorsandsenses.com\/wp-content\/uploads\/2020\/02\/lassiette-16-450x300.jpg 450w, https:\/\/flavorsandsenses.com\/wp-content\/uploads\/2020\/02\/lassiette-16-225x150.jpg 225w, https:\/\/flavorsandsenses.com\/wp-content\/uploads\/2020\/02\/lassiette-16-900x600.jpg 900w, https:\/\/flavorsandsenses.com\/wp-content\/uploads\/2020\/02\/lassiette-16-20x13.jpg 20w, https:\/\/flavorsandsenses.com\/wp-content\/uploads\/2020\/02\/lassiette-16-144x96.jpg 144w\" sizes=\"auto, (max-width: 1200px) 100vw, 1200px\" \/><\/a><\/p>\n<p style=\"text-align: left;\"><strong>Beno\u00eet Deloffre Beetroot,<\/strong>\u00a0seaweed and vermouth<br \/>\nWhen the name of the farmer gets the spotlight in the name of the dish, we know we are before a special product, and so it was! Balance, fat (given by an excellent\u00a0<em>lardo di colonnata <\/em>and seaweed butter), sea and earth notes in a perfect marriage, where the product shines.<\/p>\n<p style=\"text-align: left;\">On the glass, an old acquaintance of ours, the\u00a0<em>Legras Ros\u00e9, <\/em>with a major structure and complexity of flavours and aromas that went very well with this &#8220;earth&#8221; dish.<\/p>\n<p><strong><a href=\"https:\/\/flavorsandsenses.com\/wp-content\/uploads\/2020\/02\/lassiette-17.jpg\" rel=\"mfp\"><img loading=\"lazy\" decoding=\"async\" class=\"alignnone size-full wp-image-29746\" src=\"https:\/\/flavorsandsenses.com\/wp-content\/uploads\/2020\/02\/lassiette-17.jpg\" alt=\"\" width=\"1200\" height=\"800\" srcset=\"https:\/\/flavorsandsenses.com\/wp-content\/uploads\/2020\/02\/lassiette-17.jpg 1200w, https:\/\/flavorsandsenses.com\/wp-content\/uploads\/2020\/02\/lassiette-17-300x200.jpg 300w, https:\/\/flavorsandsenses.com\/wp-content\/uploads\/2020\/02\/lassiette-17-768x512.jpg 768w, https:\/\/flavorsandsenses.com\/wp-content\/uploads\/2020\/02\/lassiette-17-1024x683.jpg 1024w, https:\/\/flavorsandsenses.com\/wp-content\/uploads\/2020\/02\/lassiette-17-450x300.jpg 450w, https:\/\/flavorsandsenses.com\/wp-content\/uploads\/2020\/02\/lassiette-17-225x150.jpg 225w, https:\/\/flavorsandsenses.com\/wp-content\/uploads\/2020\/02\/lassiette-17-900x600.jpg 900w, https:\/\/flavorsandsenses.com\/wp-content\/uploads\/2020\/02\/lassiette-17-20x13.jpg 20w, https:\/\/flavorsandsenses.com\/wp-content\/uploads\/2020\/02\/lassiette-17-144x96.jpg 144w\" sizes=\"auto, (max-width: 1200px) 100vw, 1200px\" \/><\/a><\/strong><\/p>\n<p style=\"text-align: left;\"><strong>Shrimp and Mushrooms<\/strong><br \/>\nA small dish once again matching sea and earth notes, with perfectly cooked shrimp, crunchy heads and small mushrooms, all paired with a red wine sauce and freshened by the lime zest. Good, but a few points below the previous dishes.<\/p>\n<p style=\"text-align: left;\">Accompanying was a\u00a0<em>Devaux 2008, <\/em>an excellent mill\u00e9sim\u00e9 of a great year in the region, still very young, but powerful, balanced and elegant. It will have a great future!<\/p>\n<p><a href=\"https:\/\/flavorsandsenses.com\/wp-content\/uploads\/2020\/02\/lassiette-18.jpg\" rel=\"mfp\"><img loading=\"lazy\" decoding=\"async\" class=\"alignnone size-full wp-image-29748\" src=\"https:\/\/flavorsandsenses.com\/wp-content\/uploads\/2020\/02\/lassiette-18.jpg\" alt=\"\" width=\"1200\" height=\"800\" srcset=\"https:\/\/flavorsandsenses.com\/wp-content\/uploads\/2020\/02\/lassiette-18.jpg 1200w, https:\/\/flavorsandsenses.com\/wp-content\/uploads\/2020\/02\/lassiette-18-300x200.jpg 300w, https:\/\/flavorsandsenses.com\/wp-content\/uploads\/2020\/02\/lassiette-18-768x512.jpg 768w, https:\/\/flavorsandsenses.com\/wp-content\/uploads\/2020\/02\/lassiette-18-1024x683.jpg 1024w, https:\/\/flavorsandsenses.com\/wp-content\/uploads\/2020\/02\/lassiette-18-450x300.jpg 450w, https:\/\/flavorsandsenses.com\/wp-content\/uploads\/2020\/02\/lassiette-18-225x150.jpg 225w, https:\/\/flavorsandsenses.com\/wp-content\/uploads\/2020\/02\/lassiette-18-900x600.jpg 900w, https:\/\/flavorsandsenses.com\/wp-content\/uploads\/2020\/02\/lassiette-18-20x13.jpg 20w, https:\/\/flavorsandsenses.com\/wp-content\/uploads\/2020\/02\/lassiette-18-144x96.jpg 144w\" sizes=\"auto, (max-width: 1200px) 100vw, 1200px\" \/><\/a><\/p>\n<p style=\"text-align: left;\"><strong>Blue Lobster<\/strong>, a tribute to my father<br \/>\nAs a good homage, the lobster dish was the highest moment of dinner, perfect meat and unforgettable sauce! There&#8217;s not much more to say, superb!<\/p>\n<p style=\"text-align: left;\">On the glass there was a\u00a0<em>Janisson Blanc de Noir Grand Cru<\/em>, a complex 100% <em>pinot noir, <\/em>full of aroma richness, from red fruits to citrus. A beautiful champagne!<\/p>\n<p style=\"text-align: left;\"><a href=\"https:\/\/flavorsandsenses.com\/wp-content\/uploads\/2020\/02\/lassiette-20.jpg\" rel=\"mfp\"><img loading=\"lazy\" decoding=\"async\" class=\"alignnone size-full wp-image-29752\" src=\"https:\/\/flavorsandsenses.com\/wp-content\/uploads\/2020\/02\/lassiette-20.jpg\" alt=\"\" width=\"1200\" height=\"1800\" srcset=\"https:\/\/flavorsandsenses.com\/wp-content\/uploads\/2020\/02\/lassiette-20.jpg 1200w, https:\/\/flavorsandsenses.com\/wp-content\/uploads\/2020\/02\/lassiette-20-200x300.jpg 200w, https:\/\/flavorsandsenses.com\/wp-content\/uploads\/2020\/02\/lassiette-20-768x1152.jpg 768w, https:\/\/flavorsandsenses.com\/wp-content\/uploads\/2020\/02\/lassiette-20-683x1024.jpg 683w, https:\/\/flavorsandsenses.com\/wp-content\/uploads\/2020\/02\/lassiette-20-450x675.jpg 450w, https:\/\/flavorsandsenses.com\/wp-content\/uploads\/2020\/02\/lassiette-20-225x338.jpg 225w, https:\/\/flavorsandsenses.com\/wp-content\/uploads\/2020\/02\/lassiette-20-900x1350.jpg 900w, https:\/\/flavorsandsenses.com\/wp-content\/uploads\/2020\/02\/lassiette-20-20x30.jpg 20w, https:\/\/flavorsandsenses.com\/wp-content\/uploads\/2020\/02\/lassiette-20-64x96.jpg 64w\" sizes=\"auto, (max-width: 1200px) 100vw, 1200px\" \/><\/a><a href=\"https:\/\/flavorsandsenses.com\/wp-content\/uploads\/2020\/02\/lassiette-21.jpg\" rel=\"mfp\"><img loading=\"lazy\" decoding=\"async\" class=\"alignnone size-full wp-image-29754\" src=\"https:\/\/flavorsandsenses.com\/wp-content\/uploads\/2020\/02\/lassiette-21.jpg\" alt=\"\" width=\"1200\" height=\"800\" srcset=\"https:\/\/flavorsandsenses.com\/wp-content\/uploads\/2020\/02\/lassiette-21.jpg 1200w, https:\/\/flavorsandsenses.com\/wp-content\/uploads\/2020\/02\/lassiette-21-300x200.jpg 300w, https:\/\/flavorsandsenses.com\/wp-content\/uploads\/2020\/02\/lassiette-21-768x512.jpg 768w, https:\/\/flavorsandsenses.com\/wp-content\/uploads\/2020\/02\/lassiette-21-1024x683.jpg 1024w, https:\/\/flavorsandsenses.com\/wp-content\/uploads\/2020\/02\/lassiette-21-450x300.jpg 450w, https:\/\/flavorsandsenses.com\/wp-content\/uploads\/2020\/02\/lassiette-21-225x150.jpg 225w, https:\/\/flavorsandsenses.com\/wp-content\/uploads\/2020\/02\/lassiette-21-900x600.jpg 900w, https:\/\/flavorsandsenses.com\/wp-content\/uploads\/2020\/02\/lassiette-21-20x13.jpg 20w, https:\/\/flavorsandsenses.com\/wp-content\/uploads\/2020\/02\/lassiette-21-144x96.jpg 144w\" sizes=\"auto, (max-width: 1200px) 100vw, 1200px\" \/><\/a><br \/>\n<strong>Squab Pithivier<\/strong>,<em>\u00a0spinach caillette\u00a0and\u00a0pidgeon jus<\/em><br \/>\nTechnique, technique, technique! Everything was perfect on this classic French cuisine dish, a dreamlike puff pastry, expected given the work the chef did alongside the master\u00a0<em>Michel Gu\u00e9rard<\/em>, meat on point,\u00a0high-quality\u00a0foie gras, delicate sauce and all the elements in harmony. Needless to say that by this time my 10th slice of bread was soaking the sauce out of the dish&#8230;<\/p>\n<p style=\"text-align: left;\">To step aside from the champagnes, but remain in the region, we got a red, the\u00a0<em>Ormes B\u00e9r\u00eache et Fils Coteaux Champenois Les Mont\u00e9es 2015, <\/em>a<em>\u00a0<\/em>pinot from champagne, that could easily be a beautiful wine from Burgundy, still very young, but with huge potential and giving much pleasure at the table already.<\/p>\n<p><a href=\"https:\/\/flavorsandsenses.com\/wp-content\/uploads\/2020\/02\/lassiette-23.jpg\" rel=\"mfp\"><img loading=\"lazy\" decoding=\"async\" class=\"alignnone size-full wp-image-29758\" src=\"https:\/\/flavorsandsenses.com\/wp-content\/uploads\/2020\/02\/lassiette-23.jpg\" alt=\"\" width=\"1200\" height=\"1800\" srcset=\"https:\/\/flavorsandsenses.com\/wp-content\/uploads\/2020\/02\/lassiette-23.jpg 1200w, https:\/\/flavorsandsenses.com\/wp-content\/uploads\/2020\/02\/lassiette-23-200x300.jpg 200w, https:\/\/flavorsandsenses.com\/wp-content\/uploads\/2020\/02\/lassiette-23-768x1152.jpg 768w, https:\/\/flavorsandsenses.com\/wp-content\/uploads\/2020\/02\/lassiette-23-683x1024.jpg 683w, https:\/\/flavorsandsenses.com\/wp-content\/uploads\/2020\/02\/lassiette-23-450x675.jpg 450w, https:\/\/flavorsandsenses.com\/wp-content\/uploads\/2020\/02\/lassiette-23-225x338.jpg 225w, https:\/\/flavorsandsenses.com\/wp-content\/uploads\/2020\/02\/lassiette-23-900x1350.jpg 900w, https:\/\/flavorsandsenses.com\/wp-content\/uploads\/2020\/02\/lassiette-23-20x30.jpg 20w, https:\/\/flavorsandsenses.com\/wp-content\/uploads\/2020\/02\/lassiette-23-64x96.jpg 64w\" sizes=\"auto, (max-width: 1200px) 100vw, 1200px\" \/><\/a><a href=\"https:\/\/flavorsandsenses.com\/wp-content\/uploads\/2020\/02\/lassiette-24.jpg\" rel=\"mfp\"><img loading=\"lazy\" decoding=\"async\" class=\"alignnone size-full wp-image-29760\" src=\"https:\/\/flavorsandsenses.com\/wp-content\/uploads\/2020\/02\/lassiette-24.jpg\" alt=\"\" width=\"1200\" height=\"800\" srcset=\"https:\/\/flavorsandsenses.com\/wp-content\/uploads\/2020\/02\/lassiette-24.jpg 1200w, https:\/\/flavorsandsenses.com\/wp-content\/uploads\/2020\/02\/lassiette-24-300x200.jpg 300w, https:\/\/flavorsandsenses.com\/wp-content\/uploads\/2020\/02\/lassiette-24-768x512.jpg 768w, https:\/\/flavorsandsenses.com\/wp-content\/uploads\/2020\/02\/lassiette-24-1024x683.jpg 1024w, https:\/\/flavorsandsenses.com\/wp-content\/uploads\/2020\/02\/lassiette-24-450x300.jpg 450w, https:\/\/flavorsandsenses.com\/wp-content\/uploads\/2020\/02\/lassiette-24-225x150.jpg 225w, https:\/\/flavorsandsenses.com\/wp-content\/uploads\/2020\/02\/lassiette-24-900x600.jpg 900w, https:\/\/flavorsandsenses.com\/wp-content\/uploads\/2020\/02\/lassiette-24-20x13.jpg 20w, https:\/\/flavorsandsenses.com\/wp-content\/uploads\/2020\/02\/lassiette-24-144x96.jpg 144w\" sizes=\"auto, (max-width: 1200px) 100vw, 1200px\" \/><\/a><\/p>\n<p style=\"text-align: left;\"><strong>Cheese selection by Philippe Olivier<\/strong><br \/>\nA huge cheese selection carefully picked up by Philippe Olivier, for a moment of pure and simple pleasure. And more bread of course&#8230;<\/p>\n<p style=\"text-align: left;\">The dessert was\u00a0<strong>Passion fruit and pistachio<\/strong>\u00a0that between the well-rehearsed parade of the team and the desire to eat ended up not being photographed&#8230; A combination of passion fruit textures,\u00a0sabl\u00e9 breton, dark meringue and different textures of pistachio. A proposal a bit below the previous dishes, yet, still with a great combo of texture and flavour, with highlight to the passion fruit ice cream.<\/p>\n<figure id=\"attachment_29762\" aria-describedby=\"caption-attachment-29762\" style=\"width: 1200px\" class=\"wp-caption alignnone\"><a href=\"https:\/\/flavorsandsenses.com\/wp-content\/uploads\/2020\/02\/lassiette-25.jpg\" rel=\"mfp\"><img loading=\"lazy\" decoding=\"async\" class=\"size-full wp-image-29762\" src=\"https:\/\/flavorsandsenses.com\/wp-content\/uploads\/2020\/02\/lassiette-25.jpg\" alt=\"petit fours\" width=\"1200\" height=\"800\" srcset=\"https:\/\/flavorsandsenses.com\/wp-content\/uploads\/2020\/02\/lassiette-25.jpg 1200w, https:\/\/flavorsandsenses.com\/wp-content\/uploads\/2020\/02\/lassiette-25-300x200.jpg 300w, https:\/\/flavorsandsenses.com\/wp-content\/uploads\/2020\/02\/lassiette-25-768x512.jpg 768w, https:\/\/flavorsandsenses.com\/wp-content\/uploads\/2020\/02\/lassiette-25-1024x683.jpg 1024w, https:\/\/flavorsandsenses.com\/wp-content\/uploads\/2020\/02\/lassiette-25-450x300.jpg 450w, https:\/\/flavorsandsenses.com\/wp-content\/uploads\/2020\/02\/lassiette-25-225x150.jpg 225w, https:\/\/flavorsandsenses.com\/wp-content\/uploads\/2020\/02\/lassiette-25-900x600.jpg 900w, https:\/\/flavorsandsenses.com\/wp-content\/uploads\/2020\/02\/lassiette-25-20x13.jpg 20w, https:\/\/flavorsandsenses.com\/wp-content\/uploads\/2020\/02\/lassiette-25-144x96.jpg 144w\" sizes=\"auto, (max-width: 1200px) 100vw, 1200px\" \/><\/a><figcaption id=\"caption-attachment-29762\" class=\"wp-caption-text\">petit fours<\/figcaption><\/figure>\n<p style=\"text-align: left;\">As if we hadn&#8217;t eaten enough already, the petit fours arrive at the table, here at the highest level and in great quantity &#8211; yes, what you see in the photo was for two &#8211; delicious\u00a0<em>cannel\u00e9s<\/em>, <em>marshmallows<\/em>, bonbons, lemon tart, <em>p\u00e2te de fruit<\/em>\u00a0and\u00a0<em>florentines<\/em>. I just wanted to eat everything&#8230;<\/p>\n<p style=\"text-align: left;\">Harmonizing, as mandatory, was a <em>Ratafia from Champagne, <\/em>a liquor produced in the region. A great ending!<\/p>\n<p style=\"text-align: left;\">The service? There aren&#8217;t many words to describe it, a very well-rehearsed theatre, with all details meticulously being taken care of. From the time between dishes, the water and wine refills, without forgetting a very important detail, the bread service&#8230; Always attentive to my needs!<\/p>\n<p style=\"text-align: left;\"><strong>Final remarks<\/strong><br \/>\nThe<em> L&#8217;Assiette Champenoise<\/em>\u00a0is nowadays the only three stars of the Champagne region, and one of the greatest visiting cards of the region. For its fantastic hotel, and obviously for the cuisine.\u00a0<em>Arnaud Lallement<\/em>\u00a0has the same target of the great French cuisine masters, excellent product, lots of technique, and of course, unforgettable sauces. This, allied with one of the best cellars in the world, Champagne wise, and the possibility of harmonizing the tasting menus with different champagnes, thus making the best of a trip around the region.<br \/>\nA chef that actually is in his kitchen, a great restaurant, great wines and beautiful service, that&#8217;s how you describe\u00a0<em>L&#8217;Assiette Champenoise<\/em>.<\/p>\n<p style=\"text-align: left;\">Ps &#8211; To captivate the visit of the younger generation to gastronomic restaurants, the chef proposes his menu with harmonization at a special price for people under 35. A remarkable idea!<\/p>\n<p>&nbsp;<\/p>\n<!-- AddThis Advanced Settings generic via filter on the_content --><!-- AddThis Share Buttons generic via filter on the_content -->","protected":false},"excerpt":{"rendered":"<p>At the gates of Reims, in the heart of Champagne, we found the\u00a0L&#8217;Assiette Champenoise, a classic French hotel-restaurant, open for more than 40 years, nowadays in the hands of the second generation of the\u00a0Lallement\u00a0family. Arnaud Lallement\u00a0early traced his future, without any family pressures, from an early age he knew he would become a cook, growing&hellip;<!-- AddThis Advanced Settings generic via filter on get_the_excerpt --><!-- AddThis Share Buttons generic via filter on get_the_excerpt --><\/p>\n","protected":false},"author":3,"featured_media":29833,"comment_status":"open","ping_status":"open","sticky":false,"template":"","format":"standard","meta":{"footnotes":""},"categories":[2378,1988],"tags":[2386,2377,2387,1994,2385,1995],"class_list":["post-29835","post","type-post","status-publish","format-standard","has-post-thumbnail","hentry","category-france","category-michelin","tag-assiete-champenoise-en","tag-champagne-en","tag-lallement-en","tag-michelin-en","tag-reims","tag-restaurant-en"],"yoast_head":"<!-- This site is optimized with the Yoast SEO plugin v26.4 - https:\/\/yoast.com\/wordpress\/plugins\/seo\/ -->\n<title>Assiette Champenoise - Arnaud Lallement - Flavors and Senses<\/title>\n<meta name=\"robots\" content=\"index, follow, max-snippet:-1, max-image-preview:large, max-video-preview:-1\" \/>\n<link rel=\"canonical\" href=\"https:\/\/flavorsandsenses.com\/en\/assiette-champenoise-arnaud-lallement\/\" \/>\n<meta property=\"og:locale\" content=\"en_US\" \/>\n<meta property=\"og:type\" content=\"article\" \/>\n<meta property=\"og:title\" content=\"Assiette Champenoise - Arnaud Lallement - Flavors and Senses\" \/>\n<meta property=\"og:description\" content=\"At the gates of Reims, in the heart of Champagne, we found the\u00a0L&#8217;Assiette Champenoise, a classic French hotel-restaurant, open for more than 40 years, nowadays in the hands of the second generation of the\u00a0Lallement\u00a0family. Arnaud Lallement\u00a0early traced his future, without any family pressures, from an early age he knew he would become a cook, growing&hellip;\" \/>\n<meta property=\"og:url\" content=\"https:\/\/flavorsandsenses.com\/en\/assiette-champenoise-arnaud-lallement\/\" \/>\n<meta property=\"og:site_name\" content=\"Flavors and Senses\" \/>\n<meta property=\"article:published_time\" content=\"2020-02-11T12:05:14+00:00\" \/>\n<meta property=\"og:image\" content=\"https:\/\/flavorsandsenses.com\/wp-content\/uploads\/2020\/02\/lassiettexx.jpg\" \/>\n\t<meta property=\"og:image:width\" content=\"1200\" \/>\n\t<meta property=\"og:image:height\" content=\"630\" \/>\n\t<meta property=\"og:image:type\" content=\"image\/jpeg\" \/>\n<meta name=\"author\" content=\"Jo\u00e3o Oliveira\" \/>\n<meta name=\"twitter:card\" content=\"summary_large_image\" \/>\n<meta name=\"twitter:label1\" content=\"Written by\" \/>\n\t<meta name=\"twitter:data1\" content=\"Jo\u00e3o Oliveira\" \/>\n\t<meta name=\"twitter:label2\" content=\"Est. reading time\" \/>\n\t<meta name=\"twitter:data2\" content=\"6 minutes\" \/>\n<script type=\"application\/ld+json\" class=\"yoast-schema-graph\">{\"@context\":\"https:\/\/schema.org\",\"@graph\":[{\"@type\":\"Article\",\"@id\":\"https:\/\/flavorsandsenses.com\/en\/assiette-champenoise-arnaud-lallement\/#article\",\"isPartOf\":{\"@id\":\"https:\/\/flavorsandsenses.com\/en\/assiette-champenoise-arnaud-lallement\/\"},\"author\":{\"name\":\"Jo\u00e3o Oliveira\",\"@id\":\"https:\/\/flavorsandsenses.com\/en\/#\/schema\/person\/f8ab687cef9e51c99a29a1b976244517\"},\"headline\":\"Assiette Champenoise &#8211; Arnaud Lallement\",\"datePublished\":\"2020-02-11T12:05:14+00:00\",\"mainEntityOfPage\":{\"@id\":\"https:\/\/flavorsandsenses.com\/en\/assiette-champenoise-arnaud-lallement\/\"},\"wordCount\":1286,\"commentCount\":0,\"publisher\":{\"@id\":\"https:\/\/flavorsandsenses.com\/en\/#organization\"},\"image\":{\"@id\":\"https:\/\/flavorsandsenses.com\/en\/assiette-champenoise-arnaud-lallement\/#primaryimage\"},\"thumbnailUrl\":\"https:\/\/flavorsandsenses.com\/wp-content\/uploads\/2020\/02\/lassiettexx.jpg\",\"keywords\":[\"Assiete Champenoise\",\"champagne\",\"lallement\",\"michelin\",\"reims\",\"restaurant\"],\"articleSection\":[\"France\",\"Michelin\"],\"inLanguage\":\"en-US\",\"potentialAction\":[{\"@type\":\"CommentAction\",\"name\":\"Comment\",\"target\":[\"https:\/\/flavorsandsenses.com\/en\/assiette-champenoise-arnaud-lallement\/#respond\"]}]},{\"@type\":\"WebPage\",\"@id\":\"https:\/\/flavorsandsenses.com\/en\/assiette-champenoise-arnaud-lallement\/\",\"url\":\"https:\/\/flavorsandsenses.com\/en\/assiette-champenoise-arnaud-lallement\/\",\"name\":\"Assiette Champenoise - Arnaud Lallement - Flavors and Senses\",\"isPartOf\":{\"@id\":\"https:\/\/flavorsandsenses.com\/en\/#website\"},\"primaryImageOfPage\":{\"@id\":\"https:\/\/flavorsandsenses.com\/en\/assiette-champenoise-arnaud-lallement\/#primaryimage\"},\"image\":{\"@id\":\"https:\/\/flavorsandsenses.com\/en\/assiette-champenoise-arnaud-lallement\/#primaryimage\"},\"thumbnailUrl\":\"https:\/\/flavorsandsenses.com\/wp-content\/uploads\/2020\/02\/lassiettexx.jpg\",\"datePublished\":\"2020-02-11T12:05:14+00:00\",\"breadcrumb\":{\"@id\":\"https:\/\/flavorsandsenses.com\/en\/assiette-champenoise-arnaud-lallement\/#breadcrumb\"},\"inLanguage\":\"en-US\",\"potentialAction\":[{\"@type\":\"ReadAction\",\"target\":[\"https:\/\/flavorsandsenses.com\/en\/assiette-champenoise-arnaud-lallement\/\"]}]},{\"@type\":\"ImageObject\",\"inLanguage\":\"en-US\",\"@id\":\"https:\/\/flavorsandsenses.com\/en\/assiette-champenoise-arnaud-lallement\/#primaryimage\",\"url\":\"https:\/\/flavorsandsenses.com\/wp-content\/uploads\/2020\/02\/lassiettexx.jpg\",\"contentUrl\":\"https:\/\/flavorsandsenses.com\/wp-content\/uploads\/2020\/02\/lassiettexx.jpg\",\"width\":1200,\"height\":630},{\"@type\":\"BreadcrumbList\",\"@id\":\"https:\/\/flavorsandsenses.com\/en\/assiette-champenoise-arnaud-lallement\/#breadcrumb\",\"itemListElement\":[{\"@type\":\"ListItem\",\"position\":1,\"name\":\"In\u00edcio\",\"item\":\"https:\/\/flavorsandsenses.com\/en\/\"},{\"@type\":\"ListItem\",\"position\":2,\"name\":\"Assiette Champenoise &#8211; Arnaud Lallement\"}]},{\"@type\":\"WebSite\",\"@id\":\"https:\/\/flavorsandsenses.com\/en\/#website\",\"url\":\"https:\/\/flavorsandsenses.com\/en\/\",\"name\":\"Flavors and Senses\",\"description\":\"Sabores com sentido.\",\"publisher\":{\"@id\":\"https:\/\/flavorsandsenses.com\/en\/#organization\"},\"potentialAction\":[{\"@type\":\"SearchAction\",\"target\":{\"@type\":\"EntryPoint\",\"urlTemplate\":\"https:\/\/flavorsandsenses.com\/en\/?s={search_term_string}\"},\"query-input\":{\"@type\":\"PropertyValueSpecification\",\"valueRequired\":true,\"valueName\":\"search_term_string\"}}],\"inLanguage\":\"en-US\"},{\"@type\":\"Organization\",\"@id\":\"https:\/\/flavorsandsenses.com\/en\/#organization\",\"name\":\"Flavors and Senses\",\"url\":\"https:\/\/flavorsandsenses.com\/en\/\",\"logo\":{\"@type\":\"ImageObject\",\"inLanguage\":\"en-US\",\"@id\":\"https:\/\/flavorsandsenses.com\/en\/#\/schema\/logo\/image\/\",\"url\":\"https:\/\/flavorsandsenses.com\/wp-content\/uploads\/2019\/01\/logo_flavors_senses-2.png\",\"contentUrl\":\"https:\/\/flavorsandsenses.com\/wp-content\/uploads\/2019\/01\/logo_flavors_senses-2.png\",\"width\":482,\"height\":140,\"caption\":\"Flavors and Senses\"},\"image\":{\"@id\":\"https:\/\/flavorsandsenses.com\/en\/#\/schema\/logo\/image\/\"}},{\"@type\":\"Person\",\"@id\":\"https:\/\/flavorsandsenses.com\/en\/#\/schema\/person\/f8ab687cef9e51c99a29a1b976244517\",\"name\":\"Jo\u00e3o Oliveira\",\"image\":{\"@type\":\"ImageObject\",\"inLanguage\":\"en-US\",\"@id\":\"https:\/\/flavorsandsenses.com\/en\/#\/schema\/person\/image\/\",\"url\":\"https:\/\/secure.gravatar.com\/avatar\/678855cb9640d0170494c5a049f19afa666a36a2f5a2d254661cf1e61a6bda4f?s=96&d=mm&r=g\",\"contentUrl\":\"https:\/\/secure.gravatar.com\/avatar\/678855cb9640d0170494c5a049f19afa666a36a2f5a2d254661cf1e61a6bda4f?s=96&d=mm&r=g\",\"caption\":\"Jo\u00e3o Oliveira\"},\"url\":\"https:\/\/flavorsandsenses.com\/en\/author\/joao-oliveira\/\"}]}<\/script>\n<!-- \/ Yoast SEO plugin. -->","yoast_head_json":{"title":"Assiette Champenoise - Arnaud Lallement - Flavors and Senses","robots":{"index":"index","follow":"follow","max-snippet":"max-snippet:-1","max-image-preview":"max-image-preview:large","max-video-preview":"max-video-preview:-1"},"canonical":"https:\/\/flavorsandsenses.com\/en\/assiette-champenoise-arnaud-lallement\/","og_locale":"en_US","og_type":"article","og_title":"Assiette Champenoise - Arnaud Lallement - Flavors and Senses","og_description":"At the gates of Reims, in the heart of Champagne, we found the\u00a0L&#8217;Assiette Champenoise, a classic French hotel-restaurant, open for more than 40 years, nowadays in the hands of the second generation of the\u00a0Lallement\u00a0family. Arnaud Lallement\u00a0early traced his future, without any family pressures, from an early age he knew he would become a cook, growing&hellip;","og_url":"https:\/\/flavorsandsenses.com\/en\/assiette-champenoise-arnaud-lallement\/","og_site_name":"Flavors and Senses","article_published_time":"2020-02-11T12:05:14+00:00","og_image":[{"width":1200,"height":630,"url":"https:\/\/flavorsandsenses.com\/wp-content\/uploads\/2020\/02\/lassiettexx.jpg","type":"image\/jpeg"}],"author":"Jo\u00e3o Oliveira","twitter_card":"summary_large_image","twitter_misc":{"Written by":"Jo\u00e3o Oliveira","Est. reading time":"6 minutes"},"schema":{"@context":"https:\/\/schema.org","@graph":[{"@type":"Article","@id":"https:\/\/flavorsandsenses.com\/en\/assiette-champenoise-arnaud-lallement\/#article","isPartOf":{"@id":"https:\/\/flavorsandsenses.com\/en\/assiette-champenoise-arnaud-lallement\/"},"author":{"name":"Jo\u00e3o Oliveira","@id":"https:\/\/flavorsandsenses.com\/en\/#\/schema\/person\/f8ab687cef9e51c99a29a1b976244517"},"headline":"Assiette Champenoise &#8211; Arnaud Lallement","datePublished":"2020-02-11T12:05:14+00:00","mainEntityOfPage":{"@id":"https:\/\/flavorsandsenses.com\/en\/assiette-champenoise-arnaud-lallement\/"},"wordCount":1286,"commentCount":0,"publisher":{"@id":"https:\/\/flavorsandsenses.com\/en\/#organization"},"image":{"@id":"https:\/\/flavorsandsenses.com\/en\/assiette-champenoise-arnaud-lallement\/#primaryimage"},"thumbnailUrl":"https:\/\/flavorsandsenses.com\/wp-content\/uploads\/2020\/02\/lassiettexx.jpg","keywords":["Assiete Champenoise","champagne","lallement","michelin","reims","restaurant"],"articleSection":["France","Michelin"],"inLanguage":"en-US","potentialAction":[{"@type":"CommentAction","name":"Comment","target":["https:\/\/flavorsandsenses.com\/en\/assiette-champenoise-arnaud-lallement\/#respond"]}]},{"@type":"WebPage","@id":"https:\/\/flavorsandsenses.com\/en\/assiette-champenoise-arnaud-lallement\/","url":"https:\/\/flavorsandsenses.com\/en\/assiette-champenoise-arnaud-lallement\/","name":"Assiette Champenoise - Arnaud Lallement - Flavors and Senses","isPartOf":{"@id":"https:\/\/flavorsandsenses.com\/en\/#website"},"primaryImageOfPage":{"@id":"https:\/\/flavorsandsenses.com\/en\/assiette-champenoise-arnaud-lallement\/#primaryimage"},"image":{"@id":"https:\/\/flavorsandsenses.com\/en\/assiette-champenoise-arnaud-lallement\/#primaryimage"},"thumbnailUrl":"https:\/\/flavorsandsenses.com\/wp-content\/uploads\/2020\/02\/lassiettexx.jpg","datePublished":"2020-02-11T12:05:14+00:00","breadcrumb":{"@id":"https:\/\/flavorsandsenses.com\/en\/assiette-champenoise-arnaud-lallement\/#breadcrumb"},"inLanguage":"en-US","potentialAction":[{"@type":"ReadAction","target":["https:\/\/flavorsandsenses.com\/en\/assiette-champenoise-arnaud-lallement\/"]}]},{"@type":"ImageObject","inLanguage":"en-US","@id":"https:\/\/flavorsandsenses.com\/en\/assiette-champenoise-arnaud-lallement\/#primaryimage","url":"https:\/\/flavorsandsenses.com\/wp-content\/uploads\/2020\/02\/lassiettexx.jpg","contentUrl":"https:\/\/flavorsandsenses.com\/wp-content\/uploads\/2020\/02\/lassiettexx.jpg","width":1200,"height":630},{"@type":"BreadcrumbList","@id":"https:\/\/flavorsandsenses.com\/en\/assiette-champenoise-arnaud-lallement\/#breadcrumb","itemListElement":[{"@type":"ListItem","position":1,"name":"In\u00edcio","item":"https:\/\/flavorsandsenses.com\/en\/"},{"@type":"ListItem","position":2,"name":"Assiette Champenoise &#8211; Arnaud Lallement"}]},{"@type":"WebSite","@id":"https:\/\/flavorsandsenses.com\/en\/#website","url":"https:\/\/flavorsandsenses.com\/en\/","name":"Flavors and Senses","description":"Sabores com sentido.","publisher":{"@id":"https:\/\/flavorsandsenses.com\/en\/#organization"},"potentialAction":[{"@type":"SearchAction","target":{"@type":"EntryPoint","urlTemplate":"https:\/\/flavorsandsenses.com\/en\/?s={search_term_string}"},"query-input":{"@type":"PropertyValueSpecification","valueRequired":true,"valueName":"search_term_string"}}],"inLanguage":"en-US"},{"@type":"Organization","@id":"https:\/\/flavorsandsenses.com\/en\/#organization","name":"Flavors and Senses","url":"https:\/\/flavorsandsenses.com\/en\/","logo":{"@type":"ImageObject","inLanguage":"en-US","@id":"https:\/\/flavorsandsenses.com\/en\/#\/schema\/logo\/image\/","url":"https:\/\/flavorsandsenses.com\/wp-content\/uploads\/2019\/01\/logo_flavors_senses-2.png","contentUrl":"https:\/\/flavorsandsenses.com\/wp-content\/uploads\/2019\/01\/logo_flavors_senses-2.png","width":482,"height":140,"caption":"Flavors and Senses"},"image":{"@id":"https:\/\/flavorsandsenses.com\/en\/#\/schema\/logo\/image\/"}},{"@type":"Person","@id":"https:\/\/flavorsandsenses.com\/en\/#\/schema\/person\/f8ab687cef9e51c99a29a1b976244517","name":"Jo\u00e3o Oliveira","image":{"@type":"ImageObject","inLanguage":"en-US","@id":"https:\/\/flavorsandsenses.com\/en\/#\/schema\/person\/image\/","url":"https:\/\/secure.gravatar.com\/avatar\/678855cb9640d0170494c5a049f19afa666a36a2f5a2d254661cf1e61a6bda4f?s=96&d=mm&r=g","contentUrl":"https:\/\/secure.gravatar.com\/avatar\/678855cb9640d0170494c5a049f19afa666a36a2f5a2d254661cf1e61a6bda4f?s=96&d=mm&r=g","caption":"Jo\u00e3o Oliveira"},"url":"https:\/\/flavorsandsenses.com\/en\/author\/joao-oliveira\/"}]}},"_links":{"self":[{"href":"https:\/\/flavorsandsenses.com\/en\/wp-json\/wp\/v2\/posts\/29835","targetHints":{"allow":["GET"]}}],"collection":[{"href":"https:\/\/flavorsandsenses.com\/en\/wp-json\/wp\/v2\/posts"}],"about":[{"href":"https:\/\/flavorsandsenses.com\/en\/wp-json\/wp\/v2\/types\/post"}],"author":[{"embeddable":true,"href":"https:\/\/flavorsandsenses.com\/en\/wp-json\/wp\/v2\/users\/3"}],"replies":[{"embeddable":true,"href":"https:\/\/flavorsandsenses.com\/en\/wp-json\/wp\/v2\/comments?post=29835"}],"version-history":[{"count":1,"href":"https:\/\/flavorsandsenses.com\/en\/wp-json\/wp\/v2\/posts\/29835\/revisions"}],"predecessor-version":[{"id":29836,"href":"https:\/\/flavorsandsenses.com\/en\/wp-json\/wp\/v2\/posts\/29835\/revisions\/29836"}],"wp:featuredmedia":[{"embeddable":true,"href":"https:\/\/flavorsandsenses.com\/en\/wp-json\/wp\/v2\/media\/29833"}],"wp:attachment":[{"href":"https:\/\/flavorsandsenses.com\/en\/wp-json\/wp\/v2\/media?parent=29835"}],"wp:term":[{"taxonomy":"category","embeddable":true,"href":"https:\/\/flavorsandsenses.com\/en\/wp-json\/wp\/v2\/categories?post=29835"},{"taxonomy":"post_tag","embeddable":true,"href":"https:\/\/flavorsandsenses.com\/en\/wp-json\/wp\/v2\/tags?post=29835"}],"curies":[{"name":"wp","href":"https:\/\/api.w.org\/{rel}","templated":true}]}}