{"id":13985,"date":"2015-08-27T10:30:31","date_gmt":"2015-08-27T10:30:31","guid":{"rendered":"http:\/\/www.flavorsandsenses.com\/en\/?p=1321"},"modified":"2019-04-05T16:33:30","modified_gmt":"2019-04-05T16:33:30","slug":"solar-bragancano","status":"publish","type":"post","link":"https:\/\/flavorsandsenses.com\/en\/solar-bragancano\/","title":{"rendered":"Bragan\u00e7a &#8211; Solar Bragan\u00e7ano"},"content":{"rendered":"<p style=\"text-align: justify;\"><a href=\"https:\/\/flavorsandsenses.com\/wp-content\/uploads\/2015\/08\/solarbragancano-9.jpg\" rel=\"mfp\"><img loading=\"lazy\" decoding=\"async\" class=\"alignnone wp-image-21983 size-large\" src=\"https:\/\/flavorsandsenses.com\/wp-content\/uploads\/2015\/08\/solarbragancano-9-1024x683.jpg\" alt=\"\" width=\"1024\" height=\"683\" srcset=\"https:\/\/flavorsandsenses.com\/wp-content\/uploads\/2015\/08\/solarbragancano-9-1024x683.jpg 1024w, https:\/\/flavorsandsenses.com\/wp-content\/uploads\/2015\/08\/solarbragancano-9-300x200.jpg 300w, https:\/\/flavorsandsenses.com\/wp-content\/uploads\/2015\/08\/solarbragancano-9-768x512.jpg 768w, https:\/\/flavorsandsenses.com\/wp-content\/uploads\/2015\/08\/solarbragancano-9-450x300.jpg 450w, https:\/\/flavorsandsenses.com\/wp-content\/uploads\/2015\/08\/solarbragancano-9-225x150.jpg 225w, https:\/\/flavorsandsenses.com\/wp-content\/uploads\/2015\/08\/solarbragancano-9-900x600.jpg 900w, https:\/\/flavorsandsenses.com\/wp-content\/uploads\/2015\/08\/solarbragancano-9-20x13.jpg 20w, https:\/\/flavorsandsenses.com\/wp-content\/uploads\/2015\/08\/solarbragancano-9-144x96.jpg 144w, https:\/\/flavorsandsenses.com\/wp-content\/uploads\/2015\/08\/solarbragancano-9.jpg 1200w\" sizes=\"auto, (max-width: 1024px) 100vw, 1024px\" \/><\/a><\/p>\n<p style=\"text-align: justify;\">In an antique Manor from the XVIII century, a restaurant was born, almost three decades ago, representing <em>Tr\u00e1s-Os-Montes<\/em> like no other, I\u2019m talking about <em>Solar Bragan\u00e7ano<\/em>, side by side with the castle, it is one of the main attractions in the city of Bragan\u00e7a. Besides, it was also nominated in the <em>Out Of Doors Restaurant<\/em> category at the \u201c<em>Flavors &amp; Senses \u2013 The Best for 2015<\/em>\u2033 awards (<a title=\"Flavors &amp; Senses \u2013 The Best for 2015: The Ceremony\" href=\"http:\/\/www.flavorsandsenses.com\/en\/flavors-senses-the-best-for-2015-the-ceremony\/\">see<\/a>).<\/p>\n<p style=\"text-align: justify;\">The concept is deceptively simple, founded by a couple where Ana Maria liked to cook and Desid\u00e9rio Rodrigues liked to hunt, they kept specializing in game dishes, cooking them in iron pots placed in the fireplace, like a few people still do during winter in the villages.<\/p>\n<p style=\"text-align: justify;\">Therefore, the word that most prevails in this house is tradition, from the original design of the Solar (manor) of which they stole the name, to the rooms with well-arranged tables, to the linens and crockery, so historical and romantic, to its cuisine with a single menu for around thirty years now, where only the sides vary according to the season.<\/p>\n<p style=\"text-align: justify;\"><a href=\"https:\/\/flavorsandsenses.com\/wp-content\/uploads\/2015\/08\/solarbragancano-8-1.jpg\" rel=\"mfp\"><img loading=\"lazy\" decoding=\"async\" class=\"alignnone wp-image-22001 size-large\" src=\"https:\/\/flavorsandsenses.com\/wp-content\/uploads\/2015\/08\/solarbragancano-8-1-1024x645.jpg\" alt=\"\" width=\"1024\" height=\"645\" srcset=\"https:\/\/flavorsandsenses.com\/wp-content\/uploads\/2015\/08\/solarbragancano-8-1-1024x645.jpg 1024w, https:\/\/flavorsandsenses.com\/wp-content\/uploads\/2015\/08\/solarbragancano-8-1-300x189.jpg 300w, https:\/\/flavorsandsenses.com\/wp-content\/uploads\/2015\/08\/solarbragancano-8-1-768x484.jpg 768w, https:\/\/flavorsandsenses.com\/wp-content\/uploads\/2015\/08\/solarbragancano-8-1-450x284.jpg 450w, https:\/\/flavorsandsenses.com\/wp-content\/uploads\/2015\/08\/solarbragancano-8-1-225x142.jpg 225w, https:\/\/flavorsandsenses.com\/wp-content\/uploads\/2015\/08\/solarbragancano-8-1-900x567.jpg 900w, https:\/\/flavorsandsenses.com\/wp-content\/uploads\/2015\/08\/solarbragancano-8-1-20x13.jpg 20w, https:\/\/flavorsandsenses.com\/wp-content\/uploads\/2015\/08\/solarbragancano-8-1-152x96.jpg 152w, https:\/\/flavorsandsenses.com\/wp-content\/uploads\/2015\/08\/solarbragancano-8-1.jpg 1200w\" sizes=\"auto, (max-width: 1024px) 100vw, 1024px\" \/><\/a><\/p>\n<p style=\"text-align: justify;\">Already inside, we are welcomed by Desid\u00e9rio, who, with the house full of tourists and emigrants that in August return to their country, kindly guided us to the most romantic of the rooms, the garden, decorated with beautiful iron tables and lots of plants. I couldn\u2019t ask for a better scenery for a summer lunch in the countryside!<\/p>\n<p style=\"text-align: justify;\">Already installed we started our meal with wonderful toasted bread with olive oil from the region and a bit of pepper, while the remaining appetizers were being prepared.<\/p>\n<p style=\"text-align: center;\"><a href=\"https:\/\/flavorsandsenses.com\/wp-content\/uploads\/2015\/08\/solarbragancano-2.jpg\" rel=\"mfp\"><img loading=\"lazy\" decoding=\"async\" class=\"alignnone wp-image-21989 size-large\" src=\"https:\/\/flavorsandsenses.com\/wp-content\/uploads\/2015\/08\/solarbragancano-2-1024x683.jpg\" alt=\"\" width=\"1024\" height=\"683\" srcset=\"https:\/\/flavorsandsenses.com\/wp-content\/uploads\/2015\/08\/solarbragancano-2-1024x683.jpg 1024w, https:\/\/flavorsandsenses.com\/wp-content\/uploads\/2015\/08\/solarbragancano-2-300x200.jpg 300w, https:\/\/flavorsandsenses.com\/wp-content\/uploads\/2015\/08\/solarbragancano-2-768x512.jpg 768w, https:\/\/flavorsandsenses.com\/wp-content\/uploads\/2015\/08\/solarbragancano-2-450x300.jpg 450w, https:\/\/flavorsandsenses.com\/wp-content\/uploads\/2015\/08\/solarbragancano-2-225x150.jpg 225w, https:\/\/flavorsandsenses.com\/wp-content\/uploads\/2015\/08\/solarbragancano-2-900x600.jpg 900w, https:\/\/flavorsandsenses.com\/wp-content\/uploads\/2015\/08\/solarbragancano-2-20x13.jpg 20w, https:\/\/flavorsandsenses.com\/wp-content\/uploads\/2015\/08\/solarbragancano-2-144x96.jpg 144w, https:\/\/flavorsandsenses.com\/wp-content\/uploads\/2015\/08\/solarbragancano-2.jpg 1200w\" sizes=\"auto, (max-width: 1024px) 100vw, 1024px\" \/><\/a>\u00a0<em><span style=\"color: #999999;\">Alheira,\u00a0Cheeses and smoked pork sausage<\/span><\/em><\/p>\n<p style=\"text-align: justify;\">A table at <em>Tr\u00e1s-os-Montes<\/em> is a satiating table, and that is noticeable by the appetizers arriving at the table, three distinct cheeses, with highlight to the cured cheese with fennel seeds produced in the region. Good smoked pork sausage, and of course the <em>alheira<\/em> (type of Portuguese sausage with game or poultry meat), grilled like history demands, it revealed to be unique, rivaling with those I grew up eating, made by my grandmother\u2019s hands. There was still space for a bit of pig ear salad, spotless preparation and spot on seasoning, with the pepper raising the flavors.<\/p>\n<p style=\"text-align: justify;\"><a href=\"https:\/\/flavorsandsenses.com\/wp-content\/uploads\/2015\/08\/solarbragancano-3.jpg\" rel=\"mfp\"><img loading=\"lazy\" decoding=\"async\" class=\"alignnone wp-image-21991 size-large\" src=\"https:\/\/flavorsandsenses.com\/wp-content\/uploads\/2015\/08\/solarbragancano-3-1024x683.jpg\" alt=\"\" width=\"1024\" height=\"683\" srcset=\"https:\/\/flavorsandsenses.com\/wp-content\/uploads\/2015\/08\/solarbragancano-3-1024x683.jpg 1024w, https:\/\/flavorsandsenses.com\/wp-content\/uploads\/2015\/08\/solarbragancano-3-300x200.jpg 300w, https:\/\/flavorsandsenses.com\/wp-content\/uploads\/2015\/08\/solarbragancano-3-768x512.jpg 768w, https:\/\/flavorsandsenses.com\/wp-content\/uploads\/2015\/08\/solarbragancano-3-450x300.jpg 450w, https:\/\/flavorsandsenses.com\/wp-content\/uploads\/2015\/08\/solarbragancano-3-225x150.jpg 225w, https:\/\/flavorsandsenses.com\/wp-content\/uploads\/2015\/08\/solarbragancano-3-900x600.jpg 900w, https:\/\/flavorsandsenses.com\/wp-content\/uploads\/2015\/08\/solarbragancano-3-20x13.jpg 20w, https:\/\/flavorsandsenses.com\/wp-content\/uploads\/2015\/08\/solarbragancano-3-144x96.jpg 144w, https:\/\/flavorsandsenses.com\/wp-content\/uploads\/2015\/08\/solarbragancano-3.jpg 1200w\" sizes=\"auto, (max-width: 1024px) 100vw, 1024px\" \/><\/a><strong>Partridge Salad<\/strong> (7,50\u20ac)<\/p>\n<p style=\"text-align: justify;\">Delicate and succulent, pulled partridge in a marinade style; Accompanied very well by some delicious tomatoes from the countryside, olives and red cabbage that easily cut out the greasiness of the partridge. If the appetizers where a great signal, this modest dish smashed\u00a0our expectations!<\/p>\n<p style=\"text-align: justify;\"><a href=\"https:\/\/flavorsandsenses.com\/wp-content\/uploads\/2015\/08\/solarbragancano-4.jpg\" rel=\"mfp\"><img loading=\"lazy\" decoding=\"async\" class=\"alignnone wp-image-21993 size-large\" src=\"https:\/\/flavorsandsenses.com\/wp-content\/uploads\/2015\/08\/solarbragancano-4-1024x683.jpg\" alt=\"\" width=\"1024\" height=\"683\" srcset=\"https:\/\/flavorsandsenses.com\/wp-content\/uploads\/2015\/08\/solarbragancano-4-1024x683.jpg 1024w, https:\/\/flavorsandsenses.com\/wp-content\/uploads\/2015\/08\/solarbragancano-4-300x200.jpg 300w, https:\/\/flavorsandsenses.com\/wp-content\/uploads\/2015\/08\/solarbragancano-4-768x512.jpg 768w, https:\/\/flavorsandsenses.com\/wp-content\/uploads\/2015\/08\/solarbragancano-4-450x300.jpg 450w, https:\/\/flavorsandsenses.com\/wp-content\/uploads\/2015\/08\/solarbragancano-4-225x150.jpg 225w, https:\/\/flavorsandsenses.com\/wp-content\/uploads\/2015\/08\/solarbragancano-4-900x600.jpg 900w, https:\/\/flavorsandsenses.com\/wp-content\/uploads\/2015\/08\/solarbragancano-4-20x13.jpg 20w, https:\/\/flavorsandsenses.com\/wp-content\/uploads\/2015\/08\/solarbragancano-4-144x96.jpg 144w, https:\/\/flavorsandsenses.com\/wp-content\/uploads\/2015\/08\/solarbragancano-4.jpg 1200w\" sizes=\"auto, (max-width: 1024px) 100vw, 1024px\" \/><\/a><strong>Pheasant with chestnuts <\/strong>(14,5\u20ac)<strong><br \/>\n<\/strong><\/p>\n<p style=\"text-align: justify;\">In terms of main courses, we could not run from the pot and the game, first a pheasant, slowly cooked with chestnuts; delicate meat of well marked flavor. Accompanying very well with the apple puree, which not only cuts the \u201cstrength\u201d of the game but also gives it creaminess and connection. Very good.<strong><br \/>\n<\/strong><\/p>\n<p style=\"text-align: justify;\"><a href=\"https:\/\/flavorsandsenses.com\/wp-content\/uploads\/2015\/08\/solarbragancano-5.jpg\" rel=\"mfp\"><img loading=\"lazy\" decoding=\"async\" class=\"alignnone wp-image-21995 size-large\" src=\"https:\/\/flavorsandsenses.com\/wp-content\/uploads\/2015\/08\/solarbragancano-5-1024x683.jpg\" alt=\"\" width=\"1024\" height=\"683\" srcset=\"https:\/\/flavorsandsenses.com\/wp-content\/uploads\/2015\/08\/solarbragancano-5-1024x683.jpg 1024w, https:\/\/flavorsandsenses.com\/wp-content\/uploads\/2015\/08\/solarbragancano-5-300x200.jpg 300w, https:\/\/flavorsandsenses.com\/wp-content\/uploads\/2015\/08\/solarbragancano-5-768x512.jpg 768w, https:\/\/flavorsandsenses.com\/wp-content\/uploads\/2015\/08\/solarbragancano-5-450x300.jpg 450w, https:\/\/flavorsandsenses.com\/wp-content\/uploads\/2015\/08\/solarbragancano-5-225x150.jpg 225w, https:\/\/flavorsandsenses.com\/wp-content\/uploads\/2015\/08\/solarbragancano-5-900x600.jpg 900w, https:\/\/flavorsandsenses.com\/wp-content\/uploads\/2015\/08\/solarbragancano-5-20x13.jpg 20w, https:\/\/flavorsandsenses.com\/wp-content\/uploads\/2015\/08\/solarbragancano-5-144x96.jpg 144w, https:\/\/flavorsandsenses.com\/wp-content\/uploads\/2015\/08\/solarbragancano-5.jpg 1200w\" sizes=\"auto, (max-width: 1024px) 100vw, 1024px\" \/><\/a><strong><em>Javali \u00e0 Campesino<\/em> (wild boar),<\/strong><em> stewed in an iron pot at the fireplace (14,5\u20ac)<br \/>\n<\/em><\/p>\n<p style=\"text-align: justify;\">I must confess that boar is one of my meats of election, growing up eating it in a regular basis (the advantages of being born at <em>Tr\u00e1s-os-Montes<\/em>). Ana Maria exquisitely prepares it, succulent, tender and full of flavor. The seasoning is right and the chestnut helps transporting us to the tables from other times. Also very good, the connection with the apple, slightly cooked with a red fruit jam, the acidity and sweetness complementing the wild boar very nicely.<em><br \/>\n<\/em><\/p>\n<p style=\"text-align: justify;\"><a href=\"https:\/\/flavorsandsenses.com\/wp-content\/uploads\/2015\/08\/solarbragancano-6.jpg\" rel=\"mfp\"><img loading=\"lazy\" decoding=\"async\" class=\"alignnone wp-image-21997 size-large\" src=\"https:\/\/flavorsandsenses.com\/wp-content\/uploads\/2015\/08\/solarbragancano-6-1024x683.jpg\" alt=\"\" width=\"1024\" height=\"683\" srcset=\"https:\/\/flavorsandsenses.com\/wp-content\/uploads\/2015\/08\/solarbragancano-6-1024x683.jpg 1024w, https:\/\/flavorsandsenses.com\/wp-content\/uploads\/2015\/08\/solarbragancano-6-300x200.jpg 300w, https:\/\/flavorsandsenses.com\/wp-content\/uploads\/2015\/08\/solarbragancano-6-768x512.jpg 768w, https:\/\/flavorsandsenses.com\/wp-content\/uploads\/2015\/08\/solarbragancano-6-450x300.jpg 450w, https:\/\/flavorsandsenses.com\/wp-content\/uploads\/2015\/08\/solarbragancano-6-225x150.jpg 225w, https:\/\/flavorsandsenses.com\/wp-content\/uploads\/2015\/08\/solarbragancano-6-900x600.jpg 900w, https:\/\/flavorsandsenses.com\/wp-content\/uploads\/2015\/08\/solarbragancano-6-20x13.jpg 20w, https:\/\/flavorsandsenses.com\/wp-content\/uploads\/2015\/08\/solarbragancano-6-144x96.jpg 144w, https:\/\/flavorsandsenses.com\/wp-content\/uploads\/2015\/08\/solarbragancano-6.jpg 1200w\" sizes=\"auto, (max-width: 1024px) 100vw, 1024px\" \/><\/a><strong>Golden Pumpkin<\/strong> (4\u20ac)<\/p>\n<p style=\"text-align: justify;\">This dessert is one of Ana Maria\u2019s suggestions, a well prepared\u00a0pumpkin sweet, with the visible strings, traditional in the region, and egg yolks, creating a dessert that could easily be a sweetness bomb, but wasn\u2019t, just in the right amount. Delicate and Delicious.<\/p>\n<p style=\"text-align: justify;\">The wine list contemplates all the main national references, with highlight to some older wines, the <em>Douro<\/em> wines and of course, the wines from<em> Tr\u00e1s-os-Montes<\/em>. And if in terms of crockery and silverware the restaurant is flawless, so it is in terms of wine glasses, with a selection of quality glasses for the most diverse wines. Harmonizing with this meal was the house\u2019s white, <em>Solar Bragan\u00e7ano<\/em>\u00a0<em>2013<\/em>, produced at <em>Douro<\/em>, a light and fruity wine of easy tasting, and the<em> Quinta da Leda 2011<\/em>, one of the emblematic wines of <em>Casa Ferreirinha<\/em>, in one of its best years. A great, great wine, full of elegance and complexity that became the most perfect companion to these game dishes.<\/p>\n<p style=\"text-align: justify;\">The service itself is also unique and follows the same steps of tradition, the kitchen marks the service times, and the dishes take as long as they need, because the boss is the fireplace and also the wood stove, and there\u2019s no time for rushes in a place like <em>Solar Bragan\u00e7ano<\/em>. In the room and in a full house day, everything works normally, with a true sympathy typical from <em>Tr\u00e1s-os-Montes<\/em> and the unique hand of Desid\u00e9rio, who between suggestions, stories and some banter makes us feel at home!<\/p>\n<p style=\"text-align: justify;\"><strong>Final Remarks<\/strong><\/p>\n<p style=\"text-align: justify;\">I can easily assume that Solar Bragan\u00e7ano, besides deserving the nomination and much more, is the standard-bearer of the gastronomy from <em>Tr\u00e1s-os-Montes<\/em>, an anthem to tradition and the visit card of Bragan\u00e7a. A room that joins ambassadors with native sons missing their taste memories, and travelers recommended by the most important guides. A restaurant where we travel through time, with dishes of distinguished flavor, cooked at low temperature with the <em>roner<\/em> and the<em> sous vide<\/em> replaced by the embers, candle light and silverware in an historical and charming environment that we don\u2019t want to leave. It is, without doubt, a typical house from <em>Tr\u00e1s-os-Montes<\/em>, in which we are received not only as clients, but as part of the family, being served the best the land has to offer. I just wish I can return during the hunting season and taste all these dishes at their peak of excellence and shape; it will certainly be a delight. See you soon!<\/p>\n<p style=\"text-align: justify;\"><a href=\"https:\/\/www.facebook.com\/solarbragancano\/timeline\">Solar Bragan\u00e7ano<\/a><br \/>\nPra\u00e7a da S\u00e9, 34 &#8211; Bragan\u00e7a<br \/>\n273 323 875<\/p>\n<p><a href=\"http:\/\/www.flavorsandsenses.com\/experiencias\/restaurantes\/restaurantes-tras-os-montes\/solar-bragancano\"><span style=\"color: #999999;\"><strong>Vers\u00e3o Portuguesa<\/strong><\/span><\/a><\/p>\n<p style=\"text-align: justify;\"><span style=\"color: #999999;\"><strong>Disclaimer<\/strong><\/span><br \/>\n<span style=\"color: #999999;\">The described meal was offered by Solar Bragan\u00e7ano,\u00a0whereas this not alter our work, being the opinion and the text of the exclusive responsibility of the author. <\/span><\/p>\n<p><em><span style=\"color: #999999;\">Text: Jo\u00e3o Oliveira | Photos: Flavors &amp; Senses<\/span><\/em><\/p>\n<!-- AddThis Advanced Settings generic via filter on the_content --><!-- AddThis Share Buttons generic via filter on the_content -->","protected":false},"excerpt":{"rendered":"<p>In an antique Manor from the XVIII century, a restaurant was born, almost three decades ago, representing Tr\u00e1s-Os-Montes like no other, I\u2019m talking about Solar Bragan\u00e7ano, side by side with the castle, it is one of the main attractions in the city of Bragan\u00e7a. Besides, it was also nominated in the Out Of Doors Restaurant&hellip;<!-- AddThis Advanced Settings generic via filter on get_the_excerpt --><!-- AddThis Share Buttons generic via filter on get_the_excerpt --><\/p>\n","protected":false},"author":5,"featured_media":25917,"comment_status":"open","ping_status":"open","sticky":false,"template":"","format":"standard","meta":{"footnotes":""},"categories":[1989,2119],"tags":[2073,1720,2044,1864,1995,1909,2190,1951],"class_list":["post-13985","post","type-post","status-publish","format-standard","has-post-thumbnail","hentry","category-traditional","category-tras-os-montes","tag-braganca-en","tag-game","tag-portugal","tag-regional-food","tag-restaurant-en","tag-traditional-portuguese","tag-tras-os-montes-en","tag-where-to-eat"],"yoast_head":"<!-- This site is optimized with the Yoast SEO plugin v26.4 - https:\/\/yoast.com\/wordpress\/plugins\/seo\/ -->\n<title>Bragan\u00e7a - Solar Bragan\u00e7ano - Flavors and Senses<\/title>\n<meta name=\"robots\" content=\"index, follow, max-snippet:-1, max-image-preview:large, max-video-preview:-1\" \/>\n<link rel=\"canonical\" href=\"https:\/\/flavorsandsenses.com\/en\/solar-bragancano\/\" \/>\n<meta property=\"og:locale\" content=\"en_US\" \/>\n<meta property=\"og:type\" content=\"article\" \/>\n<meta property=\"og:title\" content=\"Bragan\u00e7a - Solar Bragan\u00e7ano - Flavors and Senses\" \/>\n<meta property=\"og:description\" content=\"In an antique Manor from the XVIII century, a restaurant was born, almost three decades ago, representing Tr\u00e1s-Os-Montes like no other, I\u2019m talking about Solar Bragan\u00e7ano, side by side with the castle, it is one of the main attractions in the city of Bragan\u00e7a. Besides, it was also nominated in the Out Of Doors Restaurant&hellip;\" \/>\n<meta property=\"og:url\" content=\"https:\/\/flavorsandsenses.com\/en\/solar-bragancano\/\" \/>\n<meta property=\"og:site_name\" content=\"Flavors and Senses\" \/>\n<meta property=\"article:published_time\" content=\"2015-08-27T10:30:31+00:00\" \/>\n<meta property=\"article:modified_time\" content=\"2019-04-05T16:33:30+00:00\" \/>\n<meta property=\"og:image\" content=\"https:\/\/flavorsandsenses.com\/wp-content\/uploads\/2015\/08\/solarbragancanox-1.jpg\" \/>\n\t<meta property=\"og:image:width\" content=\"1200\" \/>\n\t<meta property=\"og:image:height\" content=\"630\" \/>\n\t<meta property=\"og:image:type\" content=\"image\/jpeg\" \/>\n<meta name=\"author\" content=\"Flavors and Senses\" \/>\n<meta name=\"twitter:card\" content=\"summary_large_image\" \/>\n<meta name=\"twitter:label1\" content=\"Written by\" \/>\n\t<meta name=\"twitter:data1\" content=\"Flavors and Senses\" \/>\n\t<meta name=\"twitter:label2\" content=\"Est. reading time\" \/>\n\t<meta name=\"twitter:data2\" content=\"5 minutes\" \/>\n<script type=\"application\/ld+json\" class=\"yoast-schema-graph\">{\"@context\":\"https:\/\/schema.org\",\"@graph\":[{\"@type\":\"Article\",\"@id\":\"https:\/\/flavorsandsenses.com\/en\/solar-bragancano\/#article\",\"isPartOf\":{\"@id\":\"https:\/\/flavorsandsenses.com\/en\/solar-bragancano\/\"},\"author\":{\"name\":\"Flavors and Senses\",\"@id\":\"https:\/\/flavorsandsenses.com\/en\/#\/schema\/person\/cadbc122542c2ee412fe0942f73ed716\"},\"headline\":\"Bragan\u00e7a &#8211; Solar Bragan\u00e7ano\",\"datePublished\":\"2015-08-27T10:30:31+00:00\",\"dateModified\":\"2019-04-05T16:33:30+00:00\",\"mainEntityOfPage\":{\"@id\":\"https:\/\/flavorsandsenses.com\/en\/solar-bragancano\/\"},\"wordCount\":1047,\"commentCount\":0,\"publisher\":{\"@id\":\"https:\/\/flavorsandsenses.com\/en\/#organization\"},\"image\":{\"@id\":\"https:\/\/flavorsandsenses.com\/en\/solar-bragancano\/#primaryimage\"},\"thumbnailUrl\":\"https:\/\/flavorsandsenses.com\/wp-content\/uploads\/2015\/08\/solarbragancanox-1.jpg\",\"keywords\":[\"bragan\u00e7a\",\"game\",\"portugal\",\"regional food\",\"restaurant\",\"traditional portuguese\",\"Tr\u00e1s-os-Montes\",\"where to eat\"],\"articleSection\":[\"Traditional\",\"Tr\u00e1s-os-Montes\"],\"inLanguage\":\"en-US\",\"potentialAction\":[{\"@type\":\"CommentAction\",\"name\":\"Comment\",\"target\":[\"https:\/\/flavorsandsenses.com\/en\/solar-bragancano\/#respond\"]}]},{\"@type\":\"WebPage\",\"@id\":\"https:\/\/flavorsandsenses.com\/en\/solar-bragancano\/\",\"url\":\"https:\/\/flavorsandsenses.com\/en\/solar-bragancano\/\",\"name\":\"Bragan\u00e7a - Solar Bragan\u00e7ano - Flavors and Senses\",\"isPartOf\":{\"@id\":\"https:\/\/flavorsandsenses.com\/en\/#website\"},\"primaryImageOfPage\":{\"@id\":\"https:\/\/flavorsandsenses.com\/en\/solar-bragancano\/#primaryimage\"},\"image\":{\"@id\":\"https:\/\/flavorsandsenses.com\/en\/solar-bragancano\/#primaryimage\"},\"thumbnailUrl\":\"https:\/\/flavorsandsenses.com\/wp-content\/uploads\/2015\/08\/solarbragancanox-1.jpg\",\"datePublished\":\"2015-08-27T10:30:31+00:00\",\"dateModified\":\"2019-04-05T16:33:30+00:00\",\"breadcrumb\":{\"@id\":\"https:\/\/flavorsandsenses.com\/en\/solar-bragancano\/#breadcrumb\"},\"inLanguage\":\"en-US\",\"potentialAction\":[{\"@type\":\"ReadAction\",\"target\":[\"https:\/\/flavorsandsenses.com\/en\/solar-bragancano\/\"]}]},{\"@type\":\"ImageObject\",\"inLanguage\":\"en-US\",\"@id\":\"https:\/\/flavorsandsenses.com\/en\/solar-bragancano\/#primaryimage\",\"url\":\"https:\/\/flavorsandsenses.com\/wp-content\/uploads\/2015\/08\/solarbragancanox-1.jpg\",\"contentUrl\":\"https:\/\/flavorsandsenses.com\/wp-content\/uploads\/2015\/08\/solarbragancanox-1.jpg\",\"width\":1200,\"height\":630},{\"@type\":\"BreadcrumbList\",\"@id\":\"https:\/\/flavorsandsenses.com\/en\/solar-bragancano\/#breadcrumb\",\"itemListElement\":[{\"@type\":\"ListItem\",\"position\":1,\"name\":\"In\u00edcio\",\"item\":\"https:\/\/flavorsandsenses.com\/en\/\"},{\"@type\":\"ListItem\",\"position\":2,\"name\":\"Bragan\u00e7a &#8211; Solar Bragan\u00e7ano\"}]},{\"@type\":\"WebSite\",\"@id\":\"https:\/\/flavorsandsenses.com\/en\/#website\",\"url\":\"https:\/\/flavorsandsenses.com\/en\/\",\"name\":\"Flavors and Senses\",\"description\":\"Sabores com sentido.\",\"publisher\":{\"@id\":\"https:\/\/flavorsandsenses.com\/en\/#organization\"},\"potentialAction\":[{\"@type\":\"SearchAction\",\"target\":{\"@type\":\"EntryPoint\",\"urlTemplate\":\"https:\/\/flavorsandsenses.com\/en\/?s={search_term_string}\"},\"query-input\":{\"@type\":\"PropertyValueSpecification\",\"valueRequired\":true,\"valueName\":\"search_term_string\"}}],\"inLanguage\":\"en-US\"},{\"@type\":\"Organization\",\"@id\":\"https:\/\/flavorsandsenses.com\/en\/#organization\",\"name\":\"Flavors and Senses\",\"url\":\"https:\/\/flavorsandsenses.com\/en\/\",\"logo\":{\"@type\":\"ImageObject\",\"inLanguage\":\"en-US\",\"@id\":\"https:\/\/flavorsandsenses.com\/en\/#\/schema\/logo\/image\/\",\"url\":\"https:\/\/flavorsandsenses.com\/wp-content\/uploads\/2019\/01\/logo_flavors_senses-2.png\",\"contentUrl\":\"https:\/\/flavorsandsenses.com\/wp-content\/uploads\/2019\/01\/logo_flavors_senses-2.png\",\"width\":482,\"height\":140,\"caption\":\"Flavors and Senses\"},\"image\":{\"@id\":\"https:\/\/flavorsandsenses.com\/en\/#\/schema\/logo\/image\/\"}},{\"@type\":\"Person\",\"@id\":\"https:\/\/flavorsandsenses.com\/en\/#\/schema\/person\/cadbc122542c2ee412fe0942f73ed716\",\"name\":\"Flavors and Senses\",\"image\":{\"@type\":\"ImageObject\",\"inLanguage\":\"en-US\",\"@id\":\"https:\/\/flavorsandsenses.com\/en\/#\/schema\/person\/image\/\",\"url\":\"https:\/\/secure.gravatar.com\/avatar\/678855cb9640d0170494c5a049f19afa666a36a2f5a2d254661cf1e61a6bda4f?s=96&d=mm&r=g\",\"contentUrl\":\"https:\/\/secure.gravatar.com\/avatar\/678855cb9640d0170494c5a049f19afa666a36a2f5a2d254661cf1e61a6bda4f?s=96&d=mm&r=g\",\"caption\":\"Flavors and Senses\"},\"url\":\"https:\/\/flavorsandsenses.com\/en\/author\/flavors-and-senses\/\"}]}<\/script>\n<!-- \/ Yoast SEO plugin. -->","yoast_head_json":{"title":"Bragan\u00e7a - Solar Bragan\u00e7ano - Flavors and Senses","robots":{"index":"index","follow":"follow","max-snippet":"max-snippet:-1","max-image-preview":"max-image-preview:large","max-video-preview":"max-video-preview:-1"},"canonical":"https:\/\/flavorsandsenses.com\/en\/solar-bragancano\/","og_locale":"en_US","og_type":"article","og_title":"Bragan\u00e7a - Solar Bragan\u00e7ano - Flavors and Senses","og_description":"In an antique Manor from the XVIII century, a restaurant was born, almost three decades ago, representing Tr\u00e1s-Os-Montes like no other, I\u2019m talking about Solar Bragan\u00e7ano, side by side with the castle, it is one of the main attractions in the city of Bragan\u00e7a. Besides, it was also nominated in the Out Of Doors Restaurant&hellip;","og_url":"https:\/\/flavorsandsenses.com\/en\/solar-bragancano\/","og_site_name":"Flavors and Senses","article_published_time":"2015-08-27T10:30:31+00:00","article_modified_time":"2019-04-05T16:33:30+00:00","og_image":[{"width":1200,"height":630,"url":"https:\/\/flavorsandsenses.com\/wp-content\/uploads\/2015\/08\/solarbragancanox-1.jpg","type":"image\/jpeg"}],"author":"Flavors and Senses","twitter_card":"summary_large_image","twitter_misc":{"Written by":"Flavors and Senses","Est. reading time":"5 minutes"},"schema":{"@context":"https:\/\/schema.org","@graph":[{"@type":"Article","@id":"https:\/\/flavorsandsenses.com\/en\/solar-bragancano\/#article","isPartOf":{"@id":"https:\/\/flavorsandsenses.com\/en\/solar-bragancano\/"},"author":{"name":"Flavors and Senses","@id":"https:\/\/flavorsandsenses.com\/en\/#\/schema\/person\/cadbc122542c2ee412fe0942f73ed716"},"headline":"Bragan\u00e7a &#8211; Solar Bragan\u00e7ano","datePublished":"2015-08-27T10:30:31+00:00","dateModified":"2019-04-05T16:33:30+00:00","mainEntityOfPage":{"@id":"https:\/\/flavorsandsenses.com\/en\/solar-bragancano\/"},"wordCount":1047,"commentCount":0,"publisher":{"@id":"https:\/\/flavorsandsenses.com\/en\/#organization"},"image":{"@id":"https:\/\/flavorsandsenses.com\/en\/solar-bragancano\/#primaryimage"},"thumbnailUrl":"https:\/\/flavorsandsenses.com\/wp-content\/uploads\/2015\/08\/solarbragancanox-1.jpg","keywords":["bragan\u00e7a","game","portugal","regional food","restaurant","traditional portuguese","Tr\u00e1s-os-Montes","where to eat"],"articleSection":["Traditional","Tr\u00e1s-os-Montes"],"inLanguage":"en-US","potentialAction":[{"@type":"CommentAction","name":"Comment","target":["https:\/\/flavorsandsenses.com\/en\/solar-bragancano\/#respond"]}]},{"@type":"WebPage","@id":"https:\/\/flavorsandsenses.com\/en\/solar-bragancano\/","url":"https:\/\/flavorsandsenses.com\/en\/solar-bragancano\/","name":"Bragan\u00e7a - Solar Bragan\u00e7ano - Flavors and Senses","isPartOf":{"@id":"https:\/\/flavorsandsenses.com\/en\/#website"},"primaryImageOfPage":{"@id":"https:\/\/flavorsandsenses.com\/en\/solar-bragancano\/#primaryimage"},"image":{"@id":"https:\/\/flavorsandsenses.com\/en\/solar-bragancano\/#primaryimage"},"thumbnailUrl":"https:\/\/flavorsandsenses.com\/wp-content\/uploads\/2015\/08\/solarbragancanox-1.jpg","datePublished":"2015-08-27T10:30:31+00:00","dateModified":"2019-04-05T16:33:30+00:00","breadcrumb":{"@id":"https:\/\/flavorsandsenses.com\/en\/solar-bragancano\/#breadcrumb"},"inLanguage":"en-US","potentialAction":[{"@type":"ReadAction","target":["https:\/\/flavorsandsenses.com\/en\/solar-bragancano\/"]}]},{"@type":"ImageObject","inLanguage":"en-US","@id":"https:\/\/flavorsandsenses.com\/en\/solar-bragancano\/#primaryimage","url":"https:\/\/flavorsandsenses.com\/wp-content\/uploads\/2015\/08\/solarbragancanox-1.jpg","contentUrl":"https:\/\/flavorsandsenses.com\/wp-content\/uploads\/2015\/08\/solarbragancanox-1.jpg","width":1200,"height":630},{"@type":"BreadcrumbList","@id":"https:\/\/flavorsandsenses.com\/en\/solar-bragancano\/#breadcrumb","itemListElement":[{"@type":"ListItem","position":1,"name":"In\u00edcio","item":"https:\/\/flavorsandsenses.com\/en\/"},{"@type":"ListItem","position":2,"name":"Bragan\u00e7a &#8211; Solar Bragan\u00e7ano"}]},{"@type":"WebSite","@id":"https:\/\/flavorsandsenses.com\/en\/#website","url":"https:\/\/flavorsandsenses.com\/en\/","name":"Flavors and Senses","description":"Sabores com sentido.","publisher":{"@id":"https:\/\/flavorsandsenses.com\/en\/#organization"},"potentialAction":[{"@type":"SearchAction","target":{"@type":"EntryPoint","urlTemplate":"https:\/\/flavorsandsenses.com\/en\/?s={search_term_string}"},"query-input":{"@type":"PropertyValueSpecification","valueRequired":true,"valueName":"search_term_string"}}],"inLanguage":"en-US"},{"@type":"Organization","@id":"https:\/\/flavorsandsenses.com\/en\/#organization","name":"Flavors and Senses","url":"https:\/\/flavorsandsenses.com\/en\/","logo":{"@type":"ImageObject","inLanguage":"en-US","@id":"https:\/\/flavorsandsenses.com\/en\/#\/schema\/logo\/image\/","url":"https:\/\/flavorsandsenses.com\/wp-content\/uploads\/2019\/01\/logo_flavors_senses-2.png","contentUrl":"https:\/\/flavorsandsenses.com\/wp-content\/uploads\/2019\/01\/logo_flavors_senses-2.png","width":482,"height":140,"caption":"Flavors and Senses"},"image":{"@id":"https:\/\/flavorsandsenses.com\/en\/#\/schema\/logo\/image\/"}},{"@type":"Person","@id":"https:\/\/flavorsandsenses.com\/en\/#\/schema\/person\/cadbc122542c2ee412fe0942f73ed716","name":"Flavors and Senses","image":{"@type":"ImageObject","inLanguage":"en-US","@id":"https:\/\/flavorsandsenses.com\/en\/#\/schema\/person\/image\/","url":"https:\/\/secure.gravatar.com\/avatar\/678855cb9640d0170494c5a049f19afa666a36a2f5a2d254661cf1e61a6bda4f?s=96&d=mm&r=g","contentUrl":"https:\/\/secure.gravatar.com\/avatar\/678855cb9640d0170494c5a049f19afa666a36a2f5a2d254661cf1e61a6bda4f?s=96&d=mm&r=g","caption":"Flavors and Senses"},"url":"https:\/\/flavorsandsenses.com\/en\/author\/flavors-and-senses\/"}]}},"_links":{"self":[{"href":"https:\/\/flavorsandsenses.com\/en\/wp-json\/wp\/v2\/posts\/13985","targetHints":{"allow":["GET"]}}],"collection":[{"href":"https:\/\/flavorsandsenses.com\/en\/wp-json\/wp\/v2\/posts"}],"about":[{"href":"https:\/\/flavorsandsenses.com\/en\/wp-json\/wp\/v2\/types\/post"}],"author":[{"embeddable":true,"href":"https:\/\/flavorsandsenses.com\/en\/wp-json\/wp\/v2\/users\/5"}],"replies":[{"embeddable":true,"href":"https:\/\/flavorsandsenses.com\/en\/wp-json\/wp\/v2\/comments?post=13985"}],"version-history":[{"count":1,"href":"https:\/\/flavorsandsenses.com\/en\/wp-json\/wp\/v2\/posts\/13985\/revisions"}],"predecessor-version":[{"id":22004,"href":"https:\/\/flavorsandsenses.com\/en\/wp-json\/wp\/v2\/posts\/13985\/revisions\/22004"}],"wp:featuredmedia":[{"embeddable":true,"href":"https:\/\/flavorsandsenses.com\/en\/wp-json\/wp\/v2\/media\/25917"}],"wp:attachment":[{"href":"https:\/\/flavorsandsenses.com\/en\/wp-json\/wp\/v2\/media?parent=13985"}],"wp:term":[{"taxonomy":"category","embeddable":true,"href":"https:\/\/flavorsandsenses.com\/en\/wp-json\/wp\/v2\/categories?post=13985"},{"taxonomy":"post_tag","embeddable":true,"href":"https:\/\/flavorsandsenses.com\/en\/wp-json\/wp\/v2\/tags?post=13985"}],"curies":[{"name":"wp","href":"https:\/\/api.w.org\/{rel}","templated":true}]}}