{"id":13969,"date":"2015-06-17T15:25:18","date_gmt":"2015-06-17T15:25:18","guid":{"rendered":"http:\/\/www.flavorsandsenses.com\/en\/?p=1171"},"modified":"2019-04-08T08:54:34","modified_gmt":"2019-04-08T08:54:34","slug":"casa-da-calcada","status":"publish","type":"post","link":"https:\/\/flavorsandsenses.com\/en\/casa-da-calcada\/","title":{"rendered":"Casa da Cal\u00e7ada"},"content":{"rendered":"<p><a href=\"https:\/\/flavorsandsenses.com\/wp-content\/uploads\/2015\/06\/Casa-da-Cal\u00e7ada-22.jpg\" rel=\"mfp\"><img loading=\"lazy\" decoding=\"async\" class=\"alignnone wp-image-24978 size-large\" src=\"https:\/\/flavorsandsenses.com\/wp-content\/uploads\/2015\/06\/Casa-da-Cal\u00e7ada-22-1024x683.jpg\" alt=\"\" width=\"1024\" height=\"683\" srcset=\"https:\/\/flavorsandsenses.com\/wp-content\/uploads\/2015\/06\/Casa-da-Cal\u00e7ada-22-1024x683.jpg 1024w, https:\/\/flavorsandsenses.com\/wp-content\/uploads\/2015\/06\/Casa-da-Cal\u00e7ada-22-300x200.jpg 300w, https:\/\/flavorsandsenses.com\/wp-content\/uploads\/2015\/06\/Casa-da-Cal\u00e7ada-22-768x512.jpg 768w, https:\/\/flavorsandsenses.com\/wp-content\/uploads\/2015\/06\/Casa-da-Cal\u00e7ada-22-450x300.jpg 450w, https:\/\/flavorsandsenses.com\/wp-content\/uploads\/2015\/06\/Casa-da-Cal\u00e7ada-22-225x150.jpg 225w, https:\/\/flavorsandsenses.com\/wp-content\/uploads\/2015\/06\/Casa-da-Cal\u00e7ada-22-900x600.jpg 900w, https:\/\/flavorsandsenses.com\/wp-content\/uploads\/2015\/06\/Casa-da-Cal\u00e7ada-22-20x13.jpg 20w, https:\/\/flavorsandsenses.com\/wp-content\/uploads\/2015\/06\/Casa-da-Cal\u00e7ada-22-144x96.jpg 144w, https:\/\/flavorsandsenses.com\/wp-content\/uploads\/2015\/06\/Casa-da-Cal\u00e7ada-22.jpg 1200w\" sizes=\"auto, (max-width: 1024px) 100vw, 1024px\" \/><\/a><\/p>\n<p style=\"text-align: justify;\">A paradise, of its name<em> Casa da Cal\u00e7ada<\/em>, lost in the middle of nowhere, between valleys and idyllic landscapes, stands to amaze us with its majestic finesse from another era.<\/p>\n<p style=\"text-align: justify;\">Built during the XVI century to be one of the main palaces of the famous <em>Conde de Redondo<\/em>, it has become a 5 star hotel since 2011, becoming a member of the renowned group of <em>Relais &amp; Ch\u00e2teaux<\/em>.<\/p>\n<div id='gallery-1' class='gallery galleryid-13969 gallery-columns-3 gallery-size-thumbnail'><figure class='gallery-item'>\n\t\t\t<div class='gallery-icon landscape'>\n\t\t\t\t<a href='https:\/\/flavorsandsenses.com\/en\/casa-da-calcada\/casa-da-calcada-20-2-2\/'><img loading=\"lazy\" decoding=\"async\" width=\"150\" height=\"150\" src=\"https:\/\/flavorsandsenses.com\/wp-content\/uploads\/2015\/06\/Casa-da-Cal\u00e7ada-20-150x150.jpg\" class=\"attachment-thumbnail size-thumbnail\" alt=\"\" srcset=\"https:\/\/flavorsandsenses.com\/wp-content\/uploads\/2015\/06\/Casa-da-Cal\u00e7ada-20-150x150.jpg 150w, https:\/\/flavorsandsenses.com\/wp-content\/uploads\/2015\/06\/Casa-da-Cal\u00e7ada-20-180x180.jpg 180w, https:\/\/flavorsandsenses.com\/wp-content\/uploads\/2015\/06\/Casa-da-Cal\u00e7ada-20-90x90.jpg 90w, https:\/\/flavorsandsenses.com\/wp-content\/uploads\/2015\/06\/Casa-da-Cal\u00e7ada-20-450x450.jpg 450w, https:\/\/flavorsandsenses.com\/wp-content\/uploads\/2015\/06\/Casa-da-Cal\u00e7ada-20-270x270.jpg 270w, https:\/\/flavorsandsenses.com\/wp-content\/uploads\/2015\/06\/Casa-da-Cal\u00e7ada-20-20x20.jpg 20w\" sizes=\"auto, (max-width: 150px) 100vw, 150px\" \/><\/a>\n\t\t\t<\/div><\/figure><figure class='gallery-item'>\n\t\t\t<div class='gallery-icon portrait'>\n\t\t\t\t<a href='https:\/\/flavorsandsenses.com\/en\/casa-da-calcada\/casa-da-calcada-27-2-2\/'><img loading=\"lazy\" decoding=\"async\" width=\"150\" height=\"150\" src=\"https:\/\/flavorsandsenses.com\/wp-content\/uploads\/2015\/06\/Casa-da-Cal\u00e7ada-27-150x150.jpg\" class=\"attachment-thumbnail size-thumbnail\" alt=\"\" srcset=\"https:\/\/flavorsandsenses.com\/wp-content\/uploads\/2015\/06\/Casa-da-Cal\u00e7ada-27-150x150.jpg 150w, https:\/\/flavorsandsenses.com\/wp-content\/uploads\/2015\/06\/Casa-da-Cal\u00e7ada-27-180x180.jpg 180w, https:\/\/flavorsandsenses.com\/wp-content\/uploads\/2015\/06\/Casa-da-Cal\u00e7ada-27-90x90.jpg 90w, https:\/\/flavorsandsenses.com\/wp-content\/uploads\/2015\/06\/Casa-da-Cal\u00e7ada-27-450x450.jpg 450w, https:\/\/flavorsandsenses.com\/wp-content\/uploads\/2015\/06\/Casa-da-Cal\u00e7ada-27-270x270.jpg 270w, https:\/\/flavorsandsenses.com\/wp-content\/uploads\/2015\/06\/Casa-da-Cal\u00e7ada-27-20x20.jpg 20w, https:\/\/flavorsandsenses.com\/wp-content\/uploads\/2015\/06\/Casa-da-Cal\u00e7ada-27-900x900.jpg 900w, https:\/\/flavorsandsenses.com\/wp-content\/uploads\/2015\/06\/Casa-da-Cal\u00e7ada-27-1200x1200.jpg 1200w\" sizes=\"auto, (max-width: 150px) 100vw, 150px\" \/><\/a>\n\t\t\t<\/div><\/figure><figure class='gallery-item'>\n\t\t\t<div class='gallery-icon landscape'>\n\t\t\t\t<a href='https:\/\/flavorsandsenses.com\/en\/casa-da-calcada\/casa-da-calcada-25-2-2\/'><img loading=\"lazy\" decoding=\"async\" width=\"150\" height=\"150\" src=\"https:\/\/flavorsandsenses.com\/wp-content\/uploads\/2015\/06\/Casa-da-Cal\u00e7ada-25-150x150.jpg\" class=\"attachment-thumbnail size-thumbnail\" alt=\"\" srcset=\"https:\/\/flavorsandsenses.com\/wp-content\/uploads\/2015\/06\/Casa-da-Cal\u00e7ada-25-150x150.jpg 150w, https:\/\/flavorsandsenses.com\/wp-content\/uploads\/2015\/06\/Casa-da-Cal\u00e7ada-25-180x180.jpg 180w, https:\/\/flavorsandsenses.com\/wp-content\/uploads\/2015\/06\/Casa-da-Cal\u00e7ada-25-90x90.jpg 90w, https:\/\/flavorsandsenses.com\/wp-content\/uploads\/2015\/06\/Casa-da-Cal\u00e7ada-25-450x450.jpg 450w, https:\/\/flavorsandsenses.com\/wp-content\/uploads\/2015\/06\/Casa-da-Cal\u00e7ada-25-270x270.jpg 270w, https:\/\/flavorsandsenses.com\/wp-content\/uploads\/2015\/06\/Casa-da-Cal\u00e7ada-25-20x20.jpg 20w\" sizes=\"auto, (max-width: 150px) 100vw, 150px\" \/><\/a>\n\t\t\t<\/div><\/figure>\n\t\t<\/div>\n\n<p style=\"text-align: justify;\">This paradise is located in Amarante, a small and beautiful town, 45 minutes away from Porto and 1\u00a0hour and a half\u00a0\u00a0from the Douro Valley.<\/p>\n<p><a href=\"https:\/\/flavorsandsenses.com\/wp-content\/uploads\/2015\/06\/Casa-da-Cal\u00e7ada-24m.jpg\" rel=\"mfp\"><img loading=\"lazy\" decoding=\"async\" class=\"alignnone wp-image-24987 size-large\" src=\"https:\/\/flavorsandsenses.com\/wp-content\/uploads\/2015\/06\/Casa-da-Cal\u00e7ada-24m-683x1024.jpg\" alt=\"\" width=\"683\" height=\"1024\" srcset=\"https:\/\/flavorsandsenses.com\/wp-content\/uploads\/2015\/06\/Casa-da-Cal\u00e7ada-24m-683x1024.jpg 683w, https:\/\/flavorsandsenses.com\/wp-content\/uploads\/2015\/06\/Casa-da-Cal\u00e7ada-24m-200x300.jpg 200w, https:\/\/flavorsandsenses.com\/wp-content\/uploads\/2015\/06\/Casa-da-Cal\u00e7ada-24m-768x1152.jpg 768w, https:\/\/flavorsandsenses.com\/wp-content\/uploads\/2015\/06\/Casa-da-Cal\u00e7ada-24m-450x675.jpg 450w, https:\/\/flavorsandsenses.com\/wp-content\/uploads\/2015\/06\/Casa-da-Cal\u00e7ada-24m-225x338.jpg 225w, https:\/\/flavorsandsenses.com\/wp-content\/uploads\/2015\/06\/Casa-da-Cal\u00e7ada-24m-900x1350.jpg 900w, https:\/\/flavorsandsenses.com\/wp-content\/uploads\/2015\/06\/Casa-da-Cal\u00e7ada-24m-20x30.jpg 20w, https:\/\/flavorsandsenses.com\/wp-content\/uploads\/2015\/06\/Casa-da-Cal\u00e7ada-24m.jpg 1200w, https:\/\/flavorsandsenses.com\/wp-content\/uploads\/2015\/06\/Casa-da-Cal\u00e7ada-24m-64x96.jpg 64w\" sizes=\"auto, (max-width: 683px) 100vw, 683px\" \/><\/a><\/p>\n<p style=\"text-align: justify;\"><strong>First Impression:<\/strong><br \/>\nThe first contact was an authentic delight for my eyes, as soon as I\u00a0entered the small gate that opened to show the splendorous <em>Casa da Cal\u00e7ada<\/em>. On the\u00a0interior, the Baroque style with neoclassical elements invaded my senses and made me travel in time at an astonishing velocity.<\/p>\n<p style=\"text-align: justify;\">The check-in was done quickly but without that classic service of a 5 stars, the monitoring to the room and the presentation of the hotel was clearly missed.<\/p>\n<p style=\"text-align: justify;\"><a href=\"https:\/\/flavorsandsenses.com\/wp-content\/uploads\/2015\/06\/Casa-da-Cal\u00e7ada-13.jpg\" rel=\"mfp\"><img loading=\"lazy\" decoding=\"async\" class=\"alignnone wp-image-24989 size-large\" src=\"https:\/\/flavorsandsenses.com\/wp-content\/uploads\/2015\/06\/Casa-da-Cal\u00e7ada-13-1024x683.jpg\" alt=\"\" width=\"1024\" height=\"683\" srcset=\"https:\/\/flavorsandsenses.com\/wp-content\/uploads\/2015\/06\/Casa-da-Cal\u00e7ada-13-1024x683.jpg 1024w, https:\/\/flavorsandsenses.com\/wp-content\/uploads\/2015\/06\/Casa-da-Cal\u00e7ada-13-300x200.jpg 300w, https:\/\/flavorsandsenses.com\/wp-content\/uploads\/2015\/06\/Casa-da-Cal\u00e7ada-13-768x512.jpg 768w, https:\/\/flavorsandsenses.com\/wp-content\/uploads\/2015\/06\/Casa-da-Cal\u00e7ada-13-450x300.jpg 450w, https:\/\/flavorsandsenses.com\/wp-content\/uploads\/2015\/06\/Casa-da-Cal\u00e7ada-13-225x150.jpg 225w, https:\/\/flavorsandsenses.com\/wp-content\/uploads\/2015\/06\/Casa-da-Cal\u00e7ada-13-900x600.jpg 900w, https:\/\/flavorsandsenses.com\/wp-content\/uploads\/2015\/06\/Casa-da-Cal\u00e7ada-13-20x13.jpg 20w, https:\/\/flavorsandsenses.com\/wp-content\/uploads\/2015\/06\/Casa-da-Cal\u00e7ada-13-144x96.jpg 144w, https:\/\/flavorsandsenses.com\/wp-content\/uploads\/2015\/06\/Casa-da-Cal\u00e7ada-13.jpg 1200w\" sizes=\"auto, (max-width: 1024px) 100vw, 1024px\" \/><\/a><\/p>\n<p style=\"text-align: justify;\">I also missed that relaxation moment and the welcome drink, so common, for example in our trip through Thailand, but I have to get used to the idea that the Asians have an art of welcoming a little different from the European!<\/p>\n<p style=\"text-align: justify;\"><a href=\"https:\/\/flavorsandsenses.com\/wp-content\/uploads\/2015\/06\/Casa-da-Cal\u00e7ada-4.jpg\" rel=\"mfp\"><img loading=\"lazy\" decoding=\"async\" class=\"alignnone wp-image-24991 size-large\" src=\"https:\/\/flavorsandsenses.com\/wp-content\/uploads\/2015\/06\/Casa-da-Cal\u00e7ada-4-1024x683.jpg\" alt=\"\" width=\"1024\" height=\"683\" srcset=\"https:\/\/flavorsandsenses.com\/wp-content\/uploads\/2015\/06\/Casa-da-Cal\u00e7ada-4-1024x683.jpg 1024w, https:\/\/flavorsandsenses.com\/wp-content\/uploads\/2015\/06\/Casa-da-Cal\u00e7ada-4-300x200.jpg 300w, https:\/\/flavorsandsenses.com\/wp-content\/uploads\/2015\/06\/Casa-da-Cal\u00e7ada-4-768x512.jpg 768w, https:\/\/flavorsandsenses.com\/wp-content\/uploads\/2015\/06\/Casa-da-Cal\u00e7ada-4-450x300.jpg 450w, https:\/\/flavorsandsenses.com\/wp-content\/uploads\/2015\/06\/Casa-da-Cal\u00e7ada-4-225x150.jpg 225w, https:\/\/flavorsandsenses.com\/wp-content\/uploads\/2015\/06\/Casa-da-Cal\u00e7ada-4-900x600.jpg 900w, https:\/\/flavorsandsenses.com\/wp-content\/uploads\/2015\/06\/Casa-da-Cal\u00e7ada-4-20x13.jpg 20w, https:\/\/flavorsandsenses.com\/wp-content\/uploads\/2015\/06\/Casa-da-Cal\u00e7ada-4-144x96.jpg 144w, https:\/\/flavorsandsenses.com\/wp-content\/uploads\/2015\/06\/Casa-da-Cal\u00e7ada-4.jpg 1200w\" sizes=\"auto, (max-width: 1024px) 100vw, 1024px\" \/><\/a><\/p>\n<p style=\"text-align: justify;\"><strong>Bedrooms:<\/strong><br \/>\nThe <em>Casa da Cal\u00e7ada<\/em> has 30 rooms, divided in 5 different types,\u00a0executive room, luxury room, superior luxury, executive suite and presidential suite. We had the chance to stay in a luxury bedroom (and what a bedroom!), romantic style decoration, with a beautiful marble bathroom, a super comfortable bed and an amazing view to the historical area of Amarante and the <em>T\u00e2mega<\/em> River.<\/p>\n<p style=\"text-align: justify;\"><a href=\"https:\/\/flavorsandsenses.com\/wp-content\/uploads\/2015\/06\/Casa-da-Cal\u00e7ada-10m.jpg\" rel=\"mfp\"><img loading=\"lazy\" decoding=\"async\" class=\"alignnone wp-image-24993 size-large\" src=\"https:\/\/flavorsandsenses.com\/wp-content\/uploads\/2015\/06\/Casa-da-Cal\u00e7ada-10m-674x1024.jpg\" alt=\"\" width=\"674\" height=\"1024\" srcset=\"https:\/\/flavorsandsenses.com\/wp-content\/uploads\/2015\/06\/Casa-da-Cal\u00e7ada-10m-674x1024.jpg 674w, https:\/\/flavorsandsenses.com\/wp-content\/uploads\/2015\/06\/Casa-da-Cal\u00e7ada-10m-197x300.jpg 197w, https:\/\/flavorsandsenses.com\/wp-content\/uploads\/2015\/06\/Casa-da-Cal\u00e7ada-10m-768x1167.jpg 768w, https:\/\/flavorsandsenses.com\/wp-content\/uploads\/2015\/06\/Casa-da-Cal\u00e7ada-10m-450x684.jpg 450w, https:\/\/flavorsandsenses.com\/wp-content\/uploads\/2015\/06\/Casa-da-Cal\u00e7ada-10m-225x342.jpg 225w, https:\/\/flavorsandsenses.com\/wp-content\/uploads\/2015\/06\/Casa-da-Cal\u00e7ada-10m-900x1367.jpg 900w, https:\/\/flavorsandsenses.com\/wp-content\/uploads\/2015\/06\/Casa-da-Cal\u00e7ada-10m-20x30.jpg 20w, https:\/\/flavorsandsenses.com\/wp-content\/uploads\/2015\/06\/Casa-da-Cal\u00e7ada-10m-63x96.jpg 63w, https:\/\/flavorsandsenses.com\/wp-content\/uploads\/2015\/06\/Casa-da-Cal\u00e7ada-10m.jpg 1200w\" sizes=\"auto, (max-width: 674px) 100vw, 674px\" \/><\/a><\/p>\n<p style=\"text-align: justify;\">I am suspicious, I know, because I love this architectural style and all that makes me travel in time, but what can I do, I would actually live in a room like this!<\/p>\n<div id='gallery-2' class='gallery galleryid-13969 gallery-columns-3 gallery-size-thumbnail'><figure class='gallery-item'>\n\t\t\t<div class='gallery-icon portrait'>\n\t\t\t\t<a href='https:\/\/flavorsandsenses.com\/en\/casa-da-calcada\/casa-da-calcada-6-2-2\/'><img loading=\"lazy\" decoding=\"async\" width=\"150\" height=\"150\" src=\"https:\/\/flavorsandsenses.com\/wp-content\/uploads\/2015\/06\/Casa-da-Cal\u00e7ada-6-150x150.jpg\" class=\"attachment-thumbnail size-thumbnail\" alt=\"\" srcset=\"https:\/\/flavorsandsenses.com\/wp-content\/uploads\/2015\/06\/Casa-da-Cal\u00e7ada-6-150x150.jpg 150w, https:\/\/flavorsandsenses.com\/wp-content\/uploads\/2015\/06\/Casa-da-Cal\u00e7ada-6-180x180.jpg 180w, https:\/\/flavorsandsenses.com\/wp-content\/uploads\/2015\/06\/Casa-da-Cal\u00e7ada-6-90x90.jpg 90w, https:\/\/flavorsandsenses.com\/wp-content\/uploads\/2015\/06\/Casa-da-Cal\u00e7ada-6-450x450.jpg 450w, https:\/\/flavorsandsenses.com\/wp-content\/uploads\/2015\/06\/Casa-da-Cal\u00e7ada-6-270x270.jpg 270w, https:\/\/flavorsandsenses.com\/wp-content\/uploads\/2015\/06\/Casa-da-Cal\u00e7ada-6-20x20.jpg 20w, https:\/\/flavorsandsenses.com\/wp-content\/uploads\/2015\/06\/Casa-da-Cal\u00e7ada-6-900x900.jpg 900w, https:\/\/flavorsandsenses.com\/wp-content\/uploads\/2015\/06\/Casa-da-Cal\u00e7ada-6-1200x1200.jpg 1200w\" sizes=\"auto, (max-width: 150px) 100vw, 150px\" \/><\/a>\n\t\t\t<\/div><\/figure><figure class='gallery-item'>\n\t\t\t<div class='gallery-icon portrait'>\n\t\t\t\t<a href='https:\/\/flavorsandsenses.com\/en\/casa-da-calcada\/casa-da-calcada-2-2-2\/'><img loading=\"lazy\" decoding=\"async\" width=\"150\" height=\"150\" src=\"https:\/\/flavorsandsenses.com\/wp-content\/uploads\/2015\/06\/Casa-da-Cal\u00e7ada-2-150x150.jpg\" class=\"attachment-thumbnail size-thumbnail\" alt=\"\" srcset=\"https:\/\/flavorsandsenses.com\/wp-content\/uploads\/2015\/06\/Casa-da-Cal\u00e7ada-2-150x150.jpg 150w, https:\/\/flavorsandsenses.com\/wp-content\/uploads\/2015\/06\/Casa-da-Cal\u00e7ada-2-180x180.jpg 180w, https:\/\/flavorsandsenses.com\/wp-content\/uploads\/2015\/06\/Casa-da-Cal\u00e7ada-2-90x90.jpg 90w, https:\/\/flavorsandsenses.com\/wp-content\/uploads\/2015\/06\/Casa-da-Cal\u00e7ada-2-450x450.jpg 450w, https:\/\/flavorsandsenses.com\/wp-content\/uploads\/2015\/06\/Casa-da-Cal\u00e7ada-2-270x270.jpg 270w, https:\/\/flavorsandsenses.com\/wp-content\/uploads\/2015\/06\/Casa-da-Cal\u00e7ada-2-20x20.jpg 20w, https:\/\/flavorsandsenses.com\/wp-content\/uploads\/2015\/06\/Casa-da-Cal\u00e7ada-2-900x900.jpg 900w, https:\/\/flavorsandsenses.com\/wp-content\/uploads\/2015\/06\/Casa-da-Cal\u00e7ada-2-1200x1200.jpg 1200w\" sizes=\"auto, (max-width: 150px) 100vw, 150px\" \/><\/a>\n\t\t\t<\/div><\/figure><figure class='gallery-item'>\n\t\t\t<div class='gallery-icon portrait'>\n\t\t\t\t<a href='https:\/\/flavorsandsenses.com\/en\/casa-da-calcada\/casa-da-calcada-1m-2-2\/'><img loading=\"lazy\" decoding=\"async\" width=\"150\" height=\"150\" src=\"https:\/\/flavorsandsenses.com\/wp-content\/uploads\/2015\/06\/Casa-da-Cal\u00e7ada-1m-150x150.jpg\" class=\"attachment-thumbnail size-thumbnail\" alt=\"\" srcset=\"https:\/\/flavorsandsenses.com\/wp-content\/uploads\/2015\/06\/Casa-da-Cal\u00e7ada-1m-150x150.jpg 150w, https:\/\/flavorsandsenses.com\/wp-content\/uploads\/2015\/06\/Casa-da-Cal\u00e7ada-1m-180x180.jpg 180w, https:\/\/flavorsandsenses.com\/wp-content\/uploads\/2015\/06\/Casa-da-Cal\u00e7ada-1m-90x90.jpg 90w, https:\/\/flavorsandsenses.com\/wp-content\/uploads\/2015\/06\/Casa-da-Cal\u00e7ada-1m-450x450.jpg 450w, https:\/\/flavorsandsenses.com\/wp-content\/uploads\/2015\/06\/Casa-da-Cal\u00e7ada-1m-270x270.jpg 270w, https:\/\/flavorsandsenses.com\/wp-content\/uploads\/2015\/06\/Casa-da-Cal\u00e7ada-1m-20x20.jpg 20w, https:\/\/flavorsandsenses.com\/wp-content\/uploads\/2015\/06\/Casa-da-Cal\u00e7ada-1m-900x900.jpg 900w, https:\/\/flavorsandsenses.com\/wp-content\/uploads\/2015\/06\/Casa-da-Cal\u00e7ada-1m-1200x1200.jpg 1200w\" sizes=\"auto, (max-width: 150px) 100vw, 150px\" \/><\/a>\n\t\t\t<\/div><\/figure>\n\t\t<\/div>\n\n<p style=\"text-align: justify;\"><strong>Restaurants\/bars:<\/strong><br \/>\nThe hotel has one of the most renowned restaurants in Portugal, where we had an astonishing gastronomical experience, the <em>Largo do Pa\u00e7o<\/em>, awarded with a Michelin Star.<\/p>\n<p style=\"text-align: justify;\">This restaurant privileges the Portuguese regional cuisine and the Mediterranean flavors with all the creativity of the Chef V\u00edtor Matos, becoming one of the highlights of the Portuguese gastronomy and deserving of your visit, at least once in a lifetime, but Jo\u00e3o will tell you all about this experience in another article.<\/p>\n<div id='gallery-3' class='gallery galleryid-13969 gallery-columns-3 gallery-size-thumbnail'><figure class='gallery-item'>\n\t\t\t<div class='gallery-icon portrait'>\n\t\t\t\t<a href='https:\/\/flavorsandsenses.com\/en\/casa-da-calcada\/casa-da-calcada-9-2-2\/'><img loading=\"lazy\" decoding=\"async\" width=\"150\" height=\"150\" src=\"https:\/\/flavorsandsenses.com\/wp-content\/uploads\/2015\/06\/Casa-da-Cal\u00e7ada-9-150x150.jpg\" class=\"attachment-thumbnail size-thumbnail\" alt=\"\" srcset=\"https:\/\/flavorsandsenses.com\/wp-content\/uploads\/2015\/06\/Casa-da-Cal\u00e7ada-9-150x150.jpg 150w, https:\/\/flavorsandsenses.com\/wp-content\/uploads\/2015\/06\/Casa-da-Cal\u00e7ada-9-180x180.jpg 180w, https:\/\/flavorsandsenses.com\/wp-content\/uploads\/2015\/06\/Casa-da-Cal\u00e7ada-9-90x90.jpg 90w, https:\/\/flavorsandsenses.com\/wp-content\/uploads\/2015\/06\/Casa-da-Cal\u00e7ada-9-450x450.jpg 450w, https:\/\/flavorsandsenses.com\/wp-content\/uploads\/2015\/06\/Casa-da-Cal\u00e7ada-9-270x270.jpg 270w, https:\/\/flavorsandsenses.com\/wp-content\/uploads\/2015\/06\/Casa-da-Cal\u00e7ada-9-20x20.jpg 20w, https:\/\/flavorsandsenses.com\/wp-content\/uploads\/2015\/06\/Casa-da-Cal\u00e7ada-9-900x900.jpg 900w, https:\/\/flavorsandsenses.com\/wp-content\/uploads\/2015\/06\/Casa-da-Cal\u00e7ada-9-1200x1200.jpg 1200w\" sizes=\"auto, (max-width: 150px) 100vw, 150px\" \/><\/a>\n\t\t\t<\/div><\/figure><figure class='gallery-item'>\n\t\t\t<div class='gallery-icon portrait'>\n\t\t\t\t<a href='https:\/\/flavorsandsenses.com\/en\/casa-da-calcada\/casa-da-calcada-8-2-2\/'><img loading=\"lazy\" decoding=\"async\" width=\"150\" height=\"150\" src=\"https:\/\/flavorsandsenses.com\/wp-content\/uploads\/2015\/06\/Casa-da-Cal\u00e7ada-8-150x150.jpg\" class=\"attachment-thumbnail size-thumbnail\" alt=\"\" srcset=\"https:\/\/flavorsandsenses.com\/wp-content\/uploads\/2015\/06\/Casa-da-Cal\u00e7ada-8-150x150.jpg 150w, https:\/\/flavorsandsenses.com\/wp-content\/uploads\/2015\/06\/Casa-da-Cal\u00e7ada-8-180x180.jpg 180w, https:\/\/flavorsandsenses.com\/wp-content\/uploads\/2015\/06\/Casa-da-Cal\u00e7ada-8-90x90.jpg 90w, https:\/\/flavorsandsenses.com\/wp-content\/uploads\/2015\/06\/Casa-da-Cal\u00e7ada-8-450x450.jpg 450w, https:\/\/flavorsandsenses.com\/wp-content\/uploads\/2015\/06\/Casa-da-Cal\u00e7ada-8-270x270.jpg 270w, https:\/\/flavorsandsenses.com\/wp-content\/uploads\/2015\/06\/Casa-da-Cal\u00e7ada-8-20x20.jpg 20w, https:\/\/flavorsandsenses.com\/wp-content\/uploads\/2015\/06\/Casa-da-Cal\u00e7ada-8-900x900.jpg 900w, https:\/\/flavorsandsenses.com\/wp-content\/uploads\/2015\/06\/Casa-da-Cal\u00e7ada-8-1200x1200.jpg 1200w\" sizes=\"auto, (max-width: 150px) 100vw, 150px\" \/><\/a>\n\t\t\t<\/div><\/figure><figure class='gallery-item'>\n\t\t\t<div class='gallery-icon portrait'>\n\t\t\t\t<a href='https:\/\/flavorsandsenses.com\/en\/casa-da-calcada\/casa-da-calcada-7-2-2\/'><img loading=\"lazy\" decoding=\"async\" width=\"150\" height=\"150\" src=\"https:\/\/flavorsandsenses.com\/wp-content\/uploads\/2015\/06\/Casa-da-Cal\u00e7ada-7-150x150.jpg\" class=\"attachment-thumbnail size-thumbnail\" alt=\"\" srcset=\"https:\/\/flavorsandsenses.com\/wp-content\/uploads\/2015\/06\/Casa-da-Cal\u00e7ada-7-150x150.jpg 150w, https:\/\/flavorsandsenses.com\/wp-content\/uploads\/2015\/06\/Casa-da-Cal\u00e7ada-7-180x180.jpg 180w, https:\/\/flavorsandsenses.com\/wp-content\/uploads\/2015\/06\/Casa-da-Cal\u00e7ada-7-90x90.jpg 90w, https:\/\/flavorsandsenses.com\/wp-content\/uploads\/2015\/06\/Casa-da-Cal\u00e7ada-7-450x450.jpg 450w, https:\/\/flavorsandsenses.com\/wp-content\/uploads\/2015\/06\/Casa-da-Cal\u00e7ada-7-270x270.jpg 270w, https:\/\/flavorsandsenses.com\/wp-content\/uploads\/2015\/06\/Casa-da-Cal\u00e7ada-7-20x20.jpg 20w, https:\/\/flavorsandsenses.com\/wp-content\/uploads\/2015\/06\/Casa-da-Cal\u00e7ada-7-900x900.jpg 900w, https:\/\/flavorsandsenses.com\/wp-content\/uploads\/2015\/06\/Casa-da-Cal\u00e7ada-7-1200x1200.jpg 1200w\" sizes=\"auto, (max-width: 150px) 100vw, 150px\" \/><\/a>\n\t\t\t<\/div><\/figure>\n\t\t<\/div>\n\n<p style=\"text-align: justify;\">Besides the restaurant, the hotel\u00a0has also two bars, one right next to the restaurant that allows us to relax in a classical environment, much to the style of Kings and Queens having their wine or tea; And another bar next to the pool that wasn\u2019t open at the time, once we stayed there in the beginning of May and the heat wasn\u2019t enough.<\/p>\n<p style=\"text-align: justify;\"><strong>Services:<\/strong><br \/>\n<em>Casa da Cal\u00e7ada<\/em> although not having one of those huge spas like many hotels, has that they call a Spa Room, created to provide a unique relaxation, a travel that takes our mind to balance, allied to the quality of the products<em> Alqvimia<\/em> (of which I am also a user!).<\/p>\n<p style=\"text-align: justify;\"><a href=\"https:\/\/flavorsandsenses.com\/wp-content\/uploads\/2015\/06\/Casa-da-Cal\u00e7ada-19.jpg\" rel=\"mfp\"><img loading=\"lazy\" decoding=\"async\" class=\"alignnone wp-image-25010 size-large\" src=\"https:\/\/flavorsandsenses.com\/wp-content\/uploads\/2015\/06\/Casa-da-Cal\u00e7ada-19-1024x624.jpg\" alt=\"\" width=\"1024\" height=\"624\" srcset=\"https:\/\/flavorsandsenses.com\/wp-content\/uploads\/2015\/06\/Casa-da-Cal\u00e7ada-19-1024x624.jpg 1024w, https:\/\/flavorsandsenses.com\/wp-content\/uploads\/2015\/06\/Casa-da-Cal\u00e7ada-19-300x183.jpg 300w, https:\/\/flavorsandsenses.com\/wp-content\/uploads\/2015\/06\/Casa-da-Cal\u00e7ada-19-768x468.jpg 768w, https:\/\/flavorsandsenses.com\/wp-content\/uploads\/2015\/06\/Casa-da-Cal\u00e7ada-19-450x274.jpg 450w, https:\/\/flavorsandsenses.com\/wp-content\/uploads\/2015\/06\/Casa-da-Cal\u00e7ada-19-225x137.jpg 225w, https:\/\/flavorsandsenses.com\/wp-content\/uploads\/2015\/06\/Casa-da-Cal\u00e7ada-19-900x548.jpg 900w, https:\/\/flavorsandsenses.com\/wp-content\/uploads\/2015\/06\/Casa-da-Cal\u00e7ada-19-20x11.jpg 20w, https:\/\/flavorsandsenses.com\/wp-content\/uploads\/2015\/06\/Casa-da-Cal\u00e7ada-19-158x96.jpg 158w, https:\/\/flavorsandsenses.com\/wp-content\/uploads\/2015\/06\/Casa-da-Cal\u00e7ada-19.jpg 1200w\" sizes=\"auto, (max-width: 1024px) 100vw, 1024px\" \/><\/a><\/p>\n<p style=\"text-align: justify;\">Walking through the hotel\u00a0we discover an interesting game room, an elegant space, worthy of an antique palace where the court would reunite and have some fun , a place that makes us imagine a quite fun evening with family and friends, at least.<\/p>\n<p style=\"text-align: justify;\"><a href=\"https:\/\/flavorsandsenses.com\/wp-content\/uploads\/2015\/06\/Casa-da-Cal\u00e7ada-18.jpg\" rel=\"mfp\"><img loading=\"lazy\" decoding=\"async\" class=\"alignnone wp-image-25012 size-large\" src=\"https:\/\/flavorsandsenses.com\/wp-content\/uploads\/2015\/06\/Casa-da-Cal\u00e7ada-18-1024x683.jpg\" alt=\"\" width=\"1024\" height=\"683\" srcset=\"https:\/\/flavorsandsenses.com\/wp-content\/uploads\/2015\/06\/Casa-da-Cal\u00e7ada-18-1024x683.jpg 1024w, https:\/\/flavorsandsenses.com\/wp-content\/uploads\/2015\/06\/Casa-da-Cal\u00e7ada-18-300x200.jpg 300w, https:\/\/flavorsandsenses.com\/wp-content\/uploads\/2015\/06\/Casa-da-Cal\u00e7ada-18-768x512.jpg 768w, https:\/\/flavorsandsenses.com\/wp-content\/uploads\/2015\/06\/Casa-da-Cal\u00e7ada-18-450x300.jpg 450w, https:\/\/flavorsandsenses.com\/wp-content\/uploads\/2015\/06\/Casa-da-Cal\u00e7ada-18-225x150.jpg 225w, https:\/\/flavorsandsenses.com\/wp-content\/uploads\/2015\/06\/Casa-da-Cal\u00e7ada-18-900x600.jpg 900w, https:\/\/flavorsandsenses.com\/wp-content\/uploads\/2015\/06\/Casa-da-Cal\u00e7ada-18-20x13.jpg 20w, https:\/\/flavorsandsenses.com\/wp-content\/uploads\/2015\/06\/Casa-da-Cal\u00e7ada-18-144x96.jpg 144w, https:\/\/flavorsandsenses.com\/wp-content\/uploads\/2015\/06\/Casa-da-Cal\u00e7ada-18.jpg 1200w\" sizes=\"auto, (max-width: 1024px) 100vw, 1024px\" \/><\/a><\/p>\n<p style=\"text-align: justify;\">One of the highlights of the hotel\u00a0is the pool, on one side with a view from the top to the city, and on the other to the vineyards of the hotel, yes,\u00a0<em>Casa da Cal\u00e7ad<\/em>a has its own vineyards and produces wine, quite pleasant by the way (we had the chance to taste them in the restaurant). A calm environment, peaceful, with a surrealistic landscape that brings mindfulness to the most stressed mortal on Earth (ME)!<\/p>\n<p style=\"text-align: justify;\"><a href=\"https:\/\/flavorsandsenses.com\/wp-content\/uploads\/2015\/06\/Casa-da-Cal\u00e7ada-16m.jpg\" rel=\"mfp\"><img loading=\"lazy\" decoding=\"async\" class=\"alignnone wp-image-25014 size-large\" src=\"https:\/\/flavorsandsenses.com\/wp-content\/uploads\/2015\/06\/Casa-da-Cal\u00e7ada-16m-1024x683.jpg\" alt=\"\" width=\"1024\" height=\"683\" srcset=\"https:\/\/flavorsandsenses.com\/wp-content\/uploads\/2015\/06\/Casa-da-Cal\u00e7ada-16m-1024x683.jpg 1024w, https:\/\/flavorsandsenses.com\/wp-content\/uploads\/2015\/06\/Casa-da-Cal\u00e7ada-16m-300x200.jpg 300w, https:\/\/flavorsandsenses.com\/wp-content\/uploads\/2015\/06\/Casa-da-Cal\u00e7ada-16m-768x512.jpg 768w, https:\/\/flavorsandsenses.com\/wp-content\/uploads\/2015\/06\/Casa-da-Cal\u00e7ada-16m-450x300.jpg 450w, https:\/\/flavorsandsenses.com\/wp-content\/uploads\/2015\/06\/Casa-da-Cal\u00e7ada-16m-225x150.jpg 225w, https:\/\/flavorsandsenses.com\/wp-content\/uploads\/2015\/06\/Casa-da-Cal\u00e7ada-16m-900x600.jpg 900w, https:\/\/flavorsandsenses.com\/wp-content\/uploads\/2015\/06\/Casa-da-Cal\u00e7ada-16m-20x13.jpg 20w, https:\/\/flavorsandsenses.com\/wp-content\/uploads\/2015\/06\/Casa-da-Cal\u00e7ada-16m-144x96.jpg 144w, https:\/\/flavorsandsenses.com\/wp-content\/uploads\/2015\/06\/Casa-da-Cal\u00e7ada-16m.jpg 1200w\" sizes=\"auto, (max-width: 1024px) 100vw, 1024px\" \/><\/a><\/p>\n<p style=\"text-align: justify;\">The Hotel has also rooms prepared to several events, congresses, conferences, or even for parties like weddings.<\/p>\n<p style=\"text-align: justify;\">Besides these internal activities, <em>Casa da Cal\u00e7ada<\/em> allows us access to different moments of outdoor leisure in the local region, like the Golf Camp for the golf lovers at 15 minutes from the hotel; the bicycle path the city offers, with more than 9 km for the bike lovers, located over former rails.<\/p>\n<p style=\"text-align: justify;\">Furthermore, to the most adventurous (not my case), you have the river<em> T\u00e2mega<\/em> right in front of the door, with appropriate conditions for canoeing and rafting.<\/p>\n<p style=\"text-align: justify;\"><a href=\"https:\/\/flavorsandsenses.com\/wp-content\/uploads\/2015\/06\/Casa-da-Cal\u00e7ada-12.jpg\" rel=\"mfp\"><img loading=\"lazy\" decoding=\"async\" class=\"alignnone wp-image-25016 size-large\" src=\"https:\/\/flavorsandsenses.com\/wp-content\/uploads\/2015\/06\/Casa-da-Cal\u00e7ada-12-1024x683.jpg\" alt=\"\" width=\"1024\" height=\"683\" srcset=\"https:\/\/flavorsandsenses.com\/wp-content\/uploads\/2015\/06\/Casa-da-Cal\u00e7ada-12-1024x683.jpg 1024w, https:\/\/flavorsandsenses.com\/wp-content\/uploads\/2015\/06\/Casa-da-Cal\u00e7ada-12-300x200.jpg 300w, https:\/\/flavorsandsenses.com\/wp-content\/uploads\/2015\/06\/Casa-da-Cal\u00e7ada-12-768x512.jpg 768w, https:\/\/flavorsandsenses.com\/wp-content\/uploads\/2015\/06\/Casa-da-Cal\u00e7ada-12-450x300.jpg 450w, https:\/\/flavorsandsenses.com\/wp-content\/uploads\/2015\/06\/Casa-da-Cal\u00e7ada-12-225x150.jpg 225w, https:\/\/flavorsandsenses.com\/wp-content\/uploads\/2015\/06\/Casa-da-Cal\u00e7ada-12-900x600.jpg 900w, https:\/\/flavorsandsenses.com\/wp-content\/uploads\/2015\/06\/Casa-da-Cal\u00e7ada-12-20x13.jpg 20w, https:\/\/flavorsandsenses.com\/wp-content\/uploads\/2015\/06\/Casa-da-Cal\u00e7ada-12-144x96.jpg 144w, https:\/\/flavorsandsenses.com\/wp-content\/uploads\/2015\/06\/Casa-da-Cal\u00e7ada-12.jpg 1200w\" sizes=\"auto, (max-width: 1024px) 100vw, 1024px\" \/><\/a><\/p>\n<p style=\"text-align: justify;\">The hotel\u00a0also provides a series of programs to its clients, organizing trips to nearby regions, like the city of Porto or the different areas of the Douro Valley.<\/p>\n<p style=\"text-align: center;\"><a href=\"https:\/\/flavorsandsenses.com\/wp-content\/uploads\/2015\/06\/Casa-da-Cal\u00e7ada-26.jpg\" rel=\"mfp\"><img loading=\"lazy\" decoding=\"async\" class=\"alignnone wp-image-25018 size-large\" src=\"https:\/\/flavorsandsenses.com\/wp-content\/uploads\/2015\/06\/Casa-da-Cal\u00e7ada-26-1024x683.jpg\" alt=\"\" width=\"1024\" height=\"683\" srcset=\"https:\/\/flavorsandsenses.com\/wp-content\/uploads\/2015\/06\/Casa-da-Cal\u00e7ada-26-1024x683.jpg 1024w, https:\/\/flavorsandsenses.com\/wp-content\/uploads\/2015\/06\/Casa-da-Cal\u00e7ada-26-300x200.jpg 300w, https:\/\/flavorsandsenses.com\/wp-content\/uploads\/2015\/06\/Casa-da-Cal\u00e7ada-26-768x512.jpg 768w, https:\/\/flavorsandsenses.com\/wp-content\/uploads\/2015\/06\/Casa-da-Cal\u00e7ada-26-450x300.jpg 450w, https:\/\/flavorsandsenses.com\/wp-content\/uploads\/2015\/06\/Casa-da-Cal\u00e7ada-26-225x150.jpg 225w, https:\/\/flavorsandsenses.com\/wp-content\/uploads\/2015\/06\/Casa-da-Cal\u00e7ada-26-900x600.jpg 900w, https:\/\/flavorsandsenses.com\/wp-content\/uploads\/2015\/06\/Casa-da-Cal\u00e7ada-26-20x13.jpg 20w, https:\/\/flavorsandsenses.com\/wp-content\/uploads\/2015\/06\/Casa-da-Cal\u00e7ada-26-144x96.jpg 144w, https:\/\/flavorsandsenses.com\/wp-content\/uploads\/2015\/06\/Casa-da-Cal\u00e7ada-26.jpg 1200w\" sizes=\"auto, (max-width: 1024px) 100vw, 1024px\" \/><\/a><span style=\"color: #999999;\"><em>S\u00e3o Gon\u00e7alo Church from Casa da Cal\u00e7ada <\/em><\/span><\/p>\n<p style=\"text-align: justify;\"><strong>Service:<\/strong><br \/>\nThe service is polite, caring, and watchful, there is some attention to detail like for example the typical sweets of the region on our arrival to the room; however, and with the small \u201cdefects\u201d I felt in the reception, I must confess I missed that exaggerated caring of a five star hotel\u00a0(what can I say, I like to be treated like a princess!).<\/p>\n<p style=\"text-align: justify;\"><a href=\"https:\/\/flavorsandsenses.com\/wp-content\/uploads\/2015\/06\/Casa-da-Cal\u00e7ada-21.jpg\" rel=\"mfp\"><img loading=\"lazy\" decoding=\"async\" class=\"alignnone wp-image-25020 size-large\" src=\"https:\/\/flavorsandsenses.com\/wp-content\/uploads\/2015\/06\/Casa-da-Cal\u00e7ada-21-1024x683.jpg\" alt=\"\" width=\"1024\" height=\"683\" srcset=\"https:\/\/flavorsandsenses.com\/wp-content\/uploads\/2015\/06\/Casa-da-Cal\u00e7ada-21-1024x683.jpg 1024w, https:\/\/flavorsandsenses.com\/wp-content\/uploads\/2015\/06\/Casa-da-Cal\u00e7ada-21-300x200.jpg 300w, https:\/\/flavorsandsenses.com\/wp-content\/uploads\/2015\/06\/Casa-da-Cal\u00e7ada-21-768x512.jpg 768w, https:\/\/flavorsandsenses.com\/wp-content\/uploads\/2015\/06\/Casa-da-Cal\u00e7ada-21-450x300.jpg 450w, https:\/\/flavorsandsenses.com\/wp-content\/uploads\/2015\/06\/Casa-da-Cal\u00e7ada-21-225x150.jpg 225w, https:\/\/flavorsandsenses.com\/wp-content\/uploads\/2015\/06\/Casa-da-Cal\u00e7ada-21-900x600.jpg 900w, https:\/\/flavorsandsenses.com\/wp-content\/uploads\/2015\/06\/Casa-da-Cal\u00e7ada-21-20x13.jpg 20w, https:\/\/flavorsandsenses.com\/wp-content\/uploads\/2015\/06\/Casa-da-Cal\u00e7ada-21-144x96.jpg 144w, https:\/\/flavorsandsenses.com\/wp-content\/uploads\/2015\/06\/Casa-da-Cal\u00e7ada-21.jpg 1200w\" sizes=\"auto, (max-width: 1024px) 100vw, 1024px\" \/><\/a><\/p>\n<p style=\"text-align: justify;\">Nonetheless, our stay was unforgettable and we felt like in a small palace with a memorable past!<\/p>\n<p style=\"text-align: justify;\"><em>Casa da Cal\u00e7ada<\/em> is for sure one of the highlights among the hotels in\u00a0the country, hidden in a lovely small town, with the classic charm of a city crossed by a river, it assures us a unique moment of time travel, between the baroque decoration of romantic style that allows us to feel like princes and princesses living in a fairy tale, and maybe because of that the Portuguese government declared it a building of relevant Architectural, Historical and Cultural interest.<\/p>\n<p style=\"text-align: justify;\">A building that attracts tourists from all around the world and assures them a real definition of hotel\u00a0beauty and of <em>haute<\/em> cuisine! See you soon!<\/p>\n<p style=\"text-align: justify;\"><a href=\"http:\/\/www.casadacalcada.com\/pt\">Casa Da Cal\u00e7ada<\/a><br \/>\nRooms from\u00a0130\u20ac<br \/>\nLargo do Pa\u00e7o, 6, Amarante<br \/>\n(+351) 255 410 830<br \/>\nreservas@casadacalcada.com<\/p>\n<p style=\"text-align: justify;\"><span style=\"color: #999999;\"><strong>Note<\/strong><\/span><br \/>\n<span style=\"color: #999999;\"> We stayed at <em>Casa da Cal\u00e7ada<\/em> by invitation, whereas this not alter our work,\u00a0being the opinion and the text of the exclusive responsibility of the author.<\/span><\/p>\n<p style=\"text-align: justify;\"><em><span style=\"color: #999999;\">Text: C\u00edntia Oliveira | Photos: Flavors &amp; Senses<\/span><\/em><\/p>\n<p style=\"text-align: justify;\"><a href=\"%20http:\/\/www.flavorsandsenses.com\/hoteis\/casa-da-calcada\"><strong><em><span style=\"color: #999999;\">Portuguese Version<\/span><\/em><\/strong><\/a><\/p>\n<!-- AddThis Advanced Settings generic via filter on the_content --><!-- AddThis Share Buttons generic via filter on the_content -->","protected":false},"excerpt":{"rendered":"<p>A paradise, of its name Casa da Cal\u00e7ada, lost in the middle of nowhere, between valleys and idyllic landscapes, stands to amaze us with its majestic finesse from another era. Built during the XVI century to be one of the main palaces of the famous Conde de Redondo, it has become a 5 star hotel&hellip;<!-- AddThis Advanced Settings generic via filter on get_the_excerpt --><!-- AddThis Share Buttons generic via filter on get_the_excerpt --><\/p>\n","protected":false},"author":5,"featured_media":25699,"comment_status":"open","ping_status":"open","sticky":false,"template":"","format":"standard","meta":{"footnotes":""},"categories":[1981,2113],"tags":[1194,2078,1744,2079,2000,1994,2059,2044,2080,1996],"class_list":["post-13969","post","type-post","status-publish","format-standard","has-post-thumbnail","hentry","category-legendary-hotels","category-porto","tag-amarante","tag-casa-da-calcada-en","tag-hotels-2","tag-largo-do-paco-en","tag-luxury-en","tag-michelin-en","tag-porto-en","tag-portugal","tag-relais-chateaux-en","tag-travel-en"],"yoast_head":"<!-- This site is optimized with the Yoast SEO plugin v26.4 - https:\/\/yoast.com\/wordpress\/plugins\/seo\/ -->\n<title>Casa da Cal\u00e7ada - Flavors and Senses<\/title>\n<meta name=\"robots\" content=\"index, follow, max-snippet:-1, max-image-preview:large, max-video-preview:-1\" \/>\n<link rel=\"canonical\" href=\"https:\/\/flavorsandsenses.com\/en\/casa-da-calcada\/\" \/>\n<meta property=\"og:locale\" content=\"en_US\" \/>\n<meta property=\"og:type\" content=\"article\" \/>\n<meta property=\"og:title\" content=\"Casa da Cal\u00e7ada - Flavors and Senses\" \/>\n<meta property=\"og:description\" content=\"A paradise, of its name Casa da Cal\u00e7ada, lost in the middle of nowhere, between valleys and idyllic landscapes, stands to amaze us with its majestic finesse from another era. Built during the XVI century to be one of the main palaces of the famous Conde de Redondo, it has become a 5 star hotel&hellip;\" \/>\n<meta property=\"og:url\" content=\"https:\/\/flavorsandsenses.com\/en\/casa-da-calcada\/\" \/>\n<meta property=\"og:site_name\" content=\"Flavors and Senses\" \/>\n<meta property=\"article:published_time\" content=\"2015-06-17T15:25:18+00:00\" \/>\n<meta property=\"article:modified_time\" content=\"2019-04-08T08:54:34+00:00\" \/>\n<meta property=\"og:image\" content=\"https:\/\/flavorsandsenses.com\/wp-content\/uploads\/2015\/06\/casacalcadax.jpg\" \/>\n\t<meta property=\"og:image:width\" content=\"1200\" \/>\n\t<meta property=\"og:image:height\" content=\"630\" \/>\n\t<meta property=\"og:image:type\" content=\"image\/jpeg\" \/>\n<meta name=\"author\" content=\"Flavors and Senses\" \/>\n<meta name=\"twitter:card\" content=\"summary_large_image\" \/>\n<meta name=\"twitter:label1\" content=\"Written by\" \/>\n\t<meta name=\"twitter:data1\" content=\"Flavors and Senses\" \/>\n\t<meta name=\"twitter:label2\" content=\"Est. reading time\" \/>\n\t<meta name=\"twitter:data2\" content=\"5 minutes\" \/>\n<script type=\"application\/ld+json\" class=\"yoast-schema-graph\">{\"@context\":\"https:\/\/schema.org\",\"@graph\":[{\"@type\":\"Article\",\"@id\":\"https:\/\/flavorsandsenses.com\/en\/casa-da-calcada\/#article\",\"isPartOf\":{\"@id\":\"https:\/\/flavorsandsenses.com\/en\/casa-da-calcada\/\"},\"author\":{\"name\":\"Flavors and Senses\",\"@id\":\"https:\/\/flavorsandsenses.com\/en\/#\/schema\/person\/cadbc122542c2ee412fe0942f73ed716\"},\"headline\":\"Casa da Cal\u00e7ada\",\"datePublished\":\"2015-06-17T15:25:18+00:00\",\"dateModified\":\"2019-04-08T08:54:34+00:00\",\"mainEntityOfPage\":{\"@id\":\"https:\/\/flavorsandsenses.com\/en\/casa-da-calcada\/\"},\"wordCount\":1022,\"commentCount\":0,\"publisher\":{\"@id\":\"https:\/\/flavorsandsenses.com\/en\/#organization\"},\"image\":{\"@id\":\"https:\/\/flavorsandsenses.com\/en\/casa-da-calcada\/#primaryimage\"},\"thumbnailUrl\":\"https:\/\/flavorsandsenses.com\/wp-content\/uploads\/2015\/06\/casacalcadax.jpg\",\"keywords\":[\"amarante\",\"casa da cal\u00e7ada\",\"hotels\",\"largo do pa\u00e7o\",\"luxury\",\"michelin\",\"porto\",\"portugal\",\"relais &amp; chateaux\",\"travel\"],\"articleSection\":[\"Legendary Hotels\",\"Porto\"],\"inLanguage\":\"en-US\",\"potentialAction\":[{\"@type\":\"CommentAction\",\"name\":\"Comment\",\"target\":[\"https:\/\/flavorsandsenses.com\/en\/casa-da-calcada\/#respond\"]}]},{\"@type\":\"WebPage\",\"@id\":\"https:\/\/flavorsandsenses.com\/en\/casa-da-calcada\/\",\"url\":\"https:\/\/flavorsandsenses.com\/en\/casa-da-calcada\/\",\"name\":\"Casa da Cal\u00e7ada - Flavors and Senses\",\"isPartOf\":{\"@id\":\"https:\/\/flavorsandsenses.com\/en\/#website\"},\"primaryImageOfPage\":{\"@id\":\"https:\/\/flavorsandsenses.com\/en\/casa-da-calcada\/#primaryimage\"},\"image\":{\"@id\":\"https:\/\/flavorsandsenses.com\/en\/casa-da-calcada\/#primaryimage\"},\"thumbnailUrl\":\"https:\/\/flavorsandsenses.com\/wp-content\/uploads\/2015\/06\/casacalcadax.jpg\",\"datePublished\":\"2015-06-17T15:25:18+00:00\",\"dateModified\":\"2019-04-08T08:54:34+00:00\",\"breadcrumb\":{\"@id\":\"https:\/\/flavorsandsenses.com\/en\/casa-da-calcada\/#breadcrumb\"},\"inLanguage\":\"en-US\",\"potentialAction\":[{\"@type\":\"ReadAction\",\"target\":[\"https:\/\/flavorsandsenses.com\/en\/casa-da-calcada\/\"]}]},{\"@type\":\"ImageObject\",\"inLanguage\":\"en-US\",\"@id\":\"https:\/\/flavorsandsenses.com\/en\/casa-da-calcada\/#primaryimage\",\"url\":\"https:\/\/flavorsandsenses.com\/wp-content\/uploads\/2015\/06\/casacalcadax.jpg\",\"contentUrl\":\"https:\/\/flavorsandsenses.com\/wp-content\/uploads\/2015\/06\/casacalcadax.jpg\",\"width\":1200,\"height\":630},{\"@type\":\"BreadcrumbList\",\"@id\":\"https:\/\/flavorsandsenses.com\/en\/casa-da-calcada\/#breadcrumb\",\"itemListElement\":[{\"@type\":\"ListItem\",\"position\":1,\"name\":\"In\u00edcio\",\"item\":\"https:\/\/flavorsandsenses.com\/en\/\"},{\"@type\":\"ListItem\",\"position\":2,\"name\":\"Casa da Cal\u00e7ada\"}]},{\"@type\":\"WebSite\",\"@id\":\"https:\/\/flavorsandsenses.com\/en\/#website\",\"url\":\"https:\/\/flavorsandsenses.com\/en\/\",\"name\":\"Flavors and Senses\",\"description\":\"Sabores com sentido.\",\"publisher\":{\"@id\":\"https:\/\/flavorsandsenses.com\/en\/#organization\"},\"potentialAction\":[{\"@type\":\"SearchAction\",\"target\":{\"@type\":\"EntryPoint\",\"urlTemplate\":\"https:\/\/flavorsandsenses.com\/en\/?s={search_term_string}\"},\"query-input\":{\"@type\":\"PropertyValueSpecification\",\"valueRequired\":true,\"valueName\":\"search_term_string\"}}],\"inLanguage\":\"en-US\"},{\"@type\":\"Organization\",\"@id\":\"https:\/\/flavorsandsenses.com\/en\/#organization\",\"name\":\"Flavors and Senses\",\"url\":\"https:\/\/flavorsandsenses.com\/en\/\",\"logo\":{\"@type\":\"ImageObject\",\"inLanguage\":\"en-US\",\"@id\":\"https:\/\/flavorsandsenses.com\/en\/#\/schema\/logo\/image\/\",\"url\":\"https:\/\/flavorsandsenses.com\/wp-content\/uploads\/2019\/01\/logo_flavors_senses-2.png\",\"contentUrl\":\"https:\/\/flavorsandsenses.com\/wp-content\/uploads\/2019\/01\/logo_flavors_senses-2.png\",\"width\":482,\"height\":140,\"caption\":\"Flavors and Senses\"},\"image\":{\"@id\":\"https:\/\/flavorsandsenses.com\/en\/#\/schema\/logo\/image\/\"}},{\"@type\":\"Person\",\"@id\":\"https:\/\/flavorsandsenses.com\/en\/#\/schema\/person\/cadbc122542c2ee412fe0942f73ed716\",\"name\":\"Flavors and Senses\",\"image\":{\"@type\":\"ImageObject\",\"inLanguage\":\"en-US\",\"@id\":\"https:\/\/flavorsandsenses.com\/en\/#\/schema\/person\/image\/\",\"url\":\"https:\/\/secure.gravatar.com\/avatar\/678855cb9640d0170494c5a049f19afa666a36a2f5a2d254661cf1e61a6bda4f?s=96&d=mm&r=g\",\"contentUrl\":\"https:\/\/secure.gravatar.com\/avatar\/678855cb9640d0170494c5a049f19afa666a36a2f5a2d254661cf1e61a6bda4f?s=96&d=mm&r=g\",\"caption\":\"Flavors and Senses\"},\"url\":\"https:\/\/flavorsandsenses.com\/en\/author\/flavors-and-senses\/\"}]}<\/script>\n<!-- \/ Yoast SEO plugin. -->","yoast_head_json":{"title":"Casa da Cal\u00e7ada - Flavors and Senses","robots":{"index":"index","follow":"follow","max-snippet":"max-snippet:-1","max-image-preview":"max-image-preview:large","max-video-preview":"max-video-preview:-1"},"canonical":"https:\/\/flavorsandsenses.com\/en\/casa-da-calcada\/","og_locale":"en_US","og_type":"article","og_title":"Casa da Cal\u00e7ada - Flavors and Senses","og_description":"A paradise, of its name Casa da Cal\u00e7ada, lost in the middle of nowhere, between valleys and idyllic landscapes, stands to amaze us with its majestic finesse from another era. Built during the XVI century to be one of the main palaces of the famous Conde de Redondo, it has become a 5 star hotel&hellip;","og_url":"https:\/\/flavorsandsenses.com\/en\/casa-da-calcada\/","og_site_name":"Flavors and Senses","article_published_time":"2015-06-17T15:25:18+00:00","article_modified_time":"2019-04-08T08:54:34+00:00","og_image":[{"width":1200,"height":630,"url":"https:\/\/flavorsandsenses.com\/wp-content\/uploads\/2015\/06\/casacalcadax.jpg","type":"image\/jpeg"}],"author":"Flavors and Senses","twitter_card":"summary_large_image","twitter_misc":{"Written by":"Flavors and Senses","Est. reading time":"5 minutes"},"schema":{"@context":"https:\/\/schema.org","@graph":[{"@type":"Article","@id":"https:\/\/flavorsandsenses.com\/en\/casa-da-calcada\/#article","isPartOf":{"@id":"https:\/\/flavorsandsenses.com\/en\/casa-da-calcada\/"},"author":{"name":"Flavors and Senses","@id":"https:\/\/flavorsandsenses.com\/en\/#\/schema\/person\/cadbc122542c2ee412fe0942f73ed716"},"headline":"Casa da Cal\u00e7ada","datePublished":"2015-06-17T15:25:18+00:00","dateModified":"2019-04-08T08:54:34+00:00","mainEntityOfPage":{"@id":"https:\/\/flavorsandsenses.com\/en\/casa-da-calcada\/"},"wordCount":1022,"commentCount":0,"publisher":{"@id":"https:\/\/flavorsandsenses.com\/en\/#organization"},"image":{"@id":"https:\/\/flavorsandsenses.com\/en\/casa-da-calcada\/#primaryimage"},"thumbnailUrl":"https:\/\/flavorsandsenses.com\/wp-content\/uploads\/2015\/06\/casacalcadax.jpg","keywords":["amarante","casa da cal\u00e7ada","hotels","largo do pa\u00e7o","luxury","michelin","porto","portugal","relais &amp; chateaux","travel"],"articleSection":["Legendary Hotels","Porto"],"inLanguage":"en-US","potentialAction":[{"@type":"CommentAction","name":"Comment","target":["https:\/\/flavorsandsenses.com\/en\/casa-da-calcada\/#respond"]}]},{"@type":"WebPage","@id":"https:\/\/flavorsandsenses.com\/en\/casa-da-calcada\/","url":"https:\/\/flavorsandsenses.com\/en\/casa-da-calcada\/","name":"Casa da Cal\u00e7ada - Flavors and Senses","isPartOf":{"@id":"https:\/\/flavorsandsenses.com\/en\/#website"},"primaryImageOfPage":{"@id":"https:\/\/flavorsandsenses.com\/en\/casa-da-calcada\/#primaryimage"},"image":{"@id":"https:\/\/flavorsandsenses.com\/en\/casa-da-calcada\/#primaryimage"},"thumbnailUrl":"https:\/\/flavorsandsenses.com\/wp-content\/uploads\/2015\/06\/casacalcadax.jpg","datePublished":"2015-06-17T15:25:18+00:00","dateModified":"2019-04-08T08:54:34+00:00","breadcrumb":{"@id":"https:\/\/flavorsandsenses.com\/en\/casa-da-calcada\/#breadcrumb"},"inLanguage":"en-US","potentialAction":[{"@type":"ReadAction","target":["https:\/\/flavorsandsenses.com\/en\/casa-da-calcada\/"]}]},{"@type":"ImageObject","inLanguage":"en-US","@id":"https:\/\/flavorsandsenses.com\/en\/casa-da-calcada\/#primaryimage","url":"https:\/\/flavorsandsenses.com\/wp-content\/uploads\/2015\/06\/casacalcadax.jpg","contentUrl":"https:\/\/flavorsandsenses.com\/wp-content\/uploads\/2015\/06\/casacalcadax.jpg","width":1200,"height":630},{"@type":"BreadcrumbList","@id":"https:\/\/flavorsandsenses.com\/en\/casa-da-calcada\/#breadcrumb","itemListElement":[{"@type":"ListItem","position":1,"name":"In\u00edcio","item":"https:\/\/flavorsandsenses.com\/en\/"},{"@type":"ListItem","position":2,"name":"Casa da Cal\u00e7ada"}]},{"@type":"WebSite","@id":"https:\/\/flavorsandsenses.com\/en\/#website","url":"https:\/\/flavorsandsenses.com\/en\/","name":"Flavors and Senses","description":"Sabores com sentido.","publisher":{"@id":"https:\/\/flavorsandsenses.com\/en\/#organization"},"potentialAction":[{"@type":"SearchAction","target":{"@type":"EntryPoint","urlTemplate":"https:\/\/flavorsandsenses.com\/en\/?s={search_term_string}"},"query-input":{"@type":"PropertyValueSpecification","valueRequired":true,"valueName":"search_term_string"}}],"inLanguage":"en-US"},{"@type":"Organization","@id":"https:\/\/flavorsandsenses.com\/en\/#organization","name":"Flavors and Senses","url":"https:\/\/flavorsandsenses.com\/en\/","logo":{"@type":"ImageObject","inLanguage":"en-US","@id":"https:\/\/flavorsandsenses.com\/en\/#\/schema\/logo\/image\/","url":"https:\/\/flavorsandsenses.com\/wp-content\/uploads\/2019\/01\/logo_flavors_senses-2.png","contentUrl":"https:\/\/flavorsandsenses.com\/wp-content\/uploads\/2019\/01\/logo_flavors_senses-2.png","width":482,"height":140,"caption":"Flavors and Senses"},"image":{"@id":"https:\/\/flavorsandsenses.com\/en\/#\/schema\/logo\/image\/"}},{"@type":"Person","@id":"https:\/\/flavorsandsenses.com\/en\/#\/schema\/person\/cadbc122542c2ee412fe0942f73ed716","name":"Flavors and Senses","image":{"@type":"ImageObject","inLanguage":"en-US","@id":"https:\/\/flavorsandsenses.com\/en\/#\/schema\/person\/image\/","url":"https:\/\/secure.gravatar.com\/avatar\/678855cb9640d0170494c5a049f19afa666a36a2f5a2d254661cf1e61a6bda4f?s=96&d=mm&r=g","contentUrl":"https:\/\/secure.gravatar.com\/avatar\/678855cb9640d0170494c5a049f19afa666a36a2f5a2d254661cf1e61a6bda4f?s=96&d=mm&r=g","caption":"Flavors and Senses"},"url":"https:\/\/flavorsandsenses.com\/en\/author\/flavors-and-senses\/"}]}},"_links":{"self":[{"href":"https:\/\/flavorsandsenses.com\/en\/wp-json\/wp\/v2\/posts\/13969","targetHints":{"allow":["GET"]}}],"collection":[{"href":"https:\/\/flavorsandsenses.com\/en\/wp-json\/wp\/v2\/posts"}],"about":[{"href":"https:\/\/flavorsandsenses.com\/en\/wp-json\/wp\/v2\/types\/post"}],"author":[{"embeddable":true,"href":"https:\/\/flavorsandsenses.com\/en\/wp-json\/wp\/v2\/users\/5"}],"replies":[{"embeddable":true,"href":"https:\/\/flavorsandsenses.com\/en\/wp-json\/wp\/v2\/comments?post=13969"}],"version-history":[{"count":2,"href":"https:\/\/flavorsandsenses.com\/en\/wp-json\/wp\/v2\/posts\/13969\/revisions"}],"predecessor-version":[{"id":25279,"href":"https:\/\/flavorsandsenses.com\/en\/wp-json\/wp\/v2\/posts\/13969\/revisions\/25279"}],"wp:featuredmedia":[{"embeddable":true,"href":"https:\/\/flavorsandsenses.com\/en\/wp-json\/wp\/v2\/media\/25699"}],"wp:attachment":[{"href":"https:\/\/flavorsandsenses.com\/en\/wp-json\/wp\/v2\/media?parent=13969"}],"wp:term":[{"taxonomy":"category","embeddable":true,"href":"https:\/\/flavorsandsenses.com\/en\/wp-json\/wp\/v2\/categories?post=13969"},{"taxonomy":"post_tag","embeddable":true,"href":"https:\/\/flavorsandsenses.com\/en\/wp-json\/wp\/v2\/tags?post=13969"}],"curies":[{"name":"wp","href":"https:\/\/api.w.org\/{rel}","templated":true}]}}